{"id":12791,"date":"2026-03-09T22:18:19","date_gmt":"2026-03-10T03:18:19","guid":{"rendered":"https:\/\/www.elcapital.pe\/?p=12791"},"modified":"2026-03-09T22:18:19","modified_gmt":"2026-03-10T03:18:19","slug":"grupo-elite-de-iran-asegura-que-decidira-el-fin-de-la-guerra-y-amenaza-con-ampliar-el-conflicto","status":"publish","type":"post","link":"http:\/\/www.elcapital.pe\/?p=12791","title":{"rendered":"GRUPO ELITE DE IRAN ASEGURA QUE DECIDIRA EL \u201cFIN DE LA GUERRA\u201d Y AMENAZA CON AMPLIAR EL CONFLICTO\u00a0"},"content":{"rendered":"\n<p>La Guardia Revolucionaria Isl\u00e1mica de Ir\u00e1n respondi\u00f3 este martes (10.03.2026) al presidente de Estados Unidos, Donald Trump, afirmando que sus misiles son ahora \u201cm\u00e1s potentes que al inicio de la guerra\u201d y advirtiendo que Teher\u00e1n est\u00e1 preparado para expandir el conflicto si contin\u00faan las hostilidades.<\/p>\n\n\n\n<p>\u201cEstamos dispuestos a expandir la guerra; la seguridad ser\u00e1 para todos o la inseguridad para todos. Somos nosotros quienes decidiremos el fin de la guerra\u201d, se\u00f1al\u00f3 el cuerpo militar de \u00e9lite iran\u00ed en un comunicado difundido por la agencia estatal Fars.<\/p>\n\n\n\n<p>La declaraci\u00f3n surge pocas horas despu\u00e9s de que Trump asegurara que la guerra con Ir\u00e1n est\u00e1 \u201cpr\u00e1cticamente terminada\u201d y afirmara que Teher\u00e1n \u201cno tiene armada, ni comunicaciones ni fuerza a\u00e9rea\u201d.<\/p>\n\n\n\n<p>En respuesta, la Guardia Revolucionaria acus\u00f3 al mandatario estadounidense de intentar ocultar la presi\u00f3n militar que enfrenta Washington en la regi\u00f3n. \u201cEl mentiroso presidente de Estados Unidos, para escapar de la presi\u00f3n de la guerra y aliviar la desesperaci\u00f3n de los soldados estadounidenses desplegados en la regi\u00f3n, ha proclamado falsamente el fin del poder de las fuerzas armadas de la Rep\u00fablica Isl\u00e1mica\u201d, indic\u00f3 el comunicado.<\/p>\n\n\n\n<p>El organismo militar tambi\u00e9n sostuvo que el arsenal iran\u00ed se ha fortalecido durante el conflicto. Seg\u00fan afirm\u00f3, los misiles del pa\u00eds \u201cson ahora m\u00e1s potentes que al comienzo de la guerra, con mayor capacidad destructiva y ojivas que superan una tonelada\u201d.<\/p>\n\n\n\n<p>Tensi\u00f3n en el estrecho de Ormuz<\/p>\n\n\n\n<p>Las fuerzas iran\u00edes tambi\u00e9n se refirieron a la situaci\u00f3n en el estrat\u00e9gico Estrecho de Ormuz, punto clave para el comercio energ\u00e9tico mundial, sobre el cual Trump ha mencionado la posibilidad de que Estados Unidos tome el control.<\/p>\n\n\n\n<p>\u201c(Trump) afirma que buques comerciales y militares transitan libremente por el estrecho de Ormuz, mientras que los buques de guerra estadounidenses se mantienen a m\u00e1s de 1.000 kil\u00f3metros de distancia para protegerse de los potentes misiles y drones iran\u00edes\u201d, se\u00f1al\u00f3 la Guardia Revolucionaria.<\/p>\n\n\n\n<p>El Estrecho de Ormuz conecta el Golfo P\u00e9rsico con el oc\u00e9ano \u00cdndico y es la \u00fanica salida mar\u00edtima para varios pa\u00edses productores de hidrocarburos. Por esta v\u00eda circula aproximadamente el 20 % del petr\u00f3leo mundial, adem\u00e1s de importantes cargamentos de gas natural licuado (GNL).<\/p>\n\n\n\n<p>En ese contexto, el cuerpo militar iran\u00ed reiter\u00f3 su advertencia de que, si Estados Unidos e Israel contin\u00faan los ataques contra territorio iran\u00ed, podr\u00eda bloquear las exportaciones energ\u00e9ticas de la regi\u00f3n.<\/p>\n\n\n\n<p>\u201cNo permitiremos la exportaci\u00f3n de un solo litro de petr\u00f3leo hacia la parte hostil y sus socios hasta nuevo aviso\u201d, subray\u00f3 la instituci\u00f3n.<\/p>\n\n\n\n<p>Finalmente, la Guardia Revolucionaria asegur\u00f3 que el desenlace del conflicto depender\u00e1 de las decisiones de Ir\u00e1n. \u201cLas decisiones y el futuro de la regi\u00f3n est\u00e1n ahora en manos de nuestras fuerzas armadas. No ser\u00e1n las fuerzas estadounidenses las que determinen el final de la guerra\u201d, concluy\u00f3 el comunicado.<\/p>\n\n\n\n<p>(mg \/ efe \/ afp)<\/p>\n","protected":false},"excerpt":{"rendered":"<p>La Guardia Revolucionaria Isl\u00e1mica de Ir\u00e1n respondi\u00f3 este martes (10.03.2026) al presidente de Estados Unidos, Donald Trump, afirmando que sus misiles son ahora \u201cm\u00e1s potentes que al inicio de la guerra\u201d y advirtiendo que Teher\u00e1n est\u00e1 preparado para expandir el conflicto si contin\u00faan las hostilidades. \u201cEstamos dispuestos a expandir la guerra; la seguridad ser\u00e1 para [&hellip;]<\/p>\n","protected":false},"author":1,"featured_media":12792,"comment_status":"open","ping_status":"open","sticky":false,"template":"","format":"standard","meta":{"footnotes":""},"categories":[2],"tags":[],"class_list":["post-12791","post","type-post","status-publish","format-standard","has-post-thumbnail","hentry","category-actualidad"],"_links":{"self":[{"href":"http:\/\/www.elcapital.pe\/index.php?rest_route=\/wp\/v2\/posts\/12791","targetHints":{"allow":["GET"]}}],"collection":[{"href":"http:\/\/www.elcapital.pe\/index.php?rest_route=\/wp\/v2\/posts"}],"about":[{"href":"http:\/\/www.elcapital.pe\/index.php?rest_route=\/wp\/v2\/types\/post"}],"author":[{"embeddable":true,"href":"http:\/\/www.elcapital.pe\/index.php?rest_route=\/wp\/v2\/users\/1"}],"replies":[{"embeddable":true,"href":"http:\/\/www.elcapital.pe\/index.php?rest_route=%2Fwp%2Fv2%2Fcomments&post=12791"}],"version-history":[{"count":1,"href":"http:\/\/www.elcapital.pe\/index.php?rest_route=\/wp\/v2\/posts\/12791\/revisions"}],"predecessor-version":[{"id":12793,"href":"http:\/\/www.elcapital.pe\/index.php?rest_route=\/wp\/v2\/posts\/12791\/revisions\/12793"}],"wp:featuredmedia":[{"embeddable":true,"href":"http:\/\/www.elcapital.pe\/index.php?rest_route=\/wp\/v2\/media\/12792"}],"wp:attachment":[{"href":"http:\/\/www.elcapital.pe\/index.php?rest_route=%2Fwp%2Fv2%2Fmedia&parent=12791"}],"wp:term":[{"taxonomy":"category","embeddable":true,"href":"http:\/\/www.elcapital.pe\/index.php?rest_route=%2Fwp%2Fv2%2Fcategories&post=12791"},{"taxonomy":"post_tag","embeddable":true,"href":"http:\/\/www.elcapital.pe\/index.php?rest_route=%2Fwp%2Fv2%2Ftags&post=12791"}],"curies":[{"name":"wp","href":"https:\/\/api.w.org\/{rel}","templated":true}]}}