{"id":12771,"date":"2026-03-09T21:00:18","date_gmt":"2026-03-10T02:00:18","guid":{"rendered":"https:\/\/www.elcapital.pe\/?p=12771"},"modified":"2026-03-09T21:00:18","modified_gmt":"2026-03-10T02:00:18","slug":"avianca-anuncia-salida-a-ventas-de-segunda-frecuencia-de-vuelos-a-caracas","status":"publish","type":"post","link":"http:\/\/www.elcapital.pe\/?p=12771","title":{"rendered":"AVIANCA ANUNCIA SALIDA A VENTAS DE SEGUNDA FRECUENCIA DE VUELOS A CARACAS\u00a0"},"content":{"rendered":"\n<p>\u2022&nbsp;&nbsp;&nbsp;&nbsp;&nbsp;&nbsp;&nbsp;&nbsp;&nbsp;&nbsp;&nbsp;&nbsp; La aerol\u00ednea pone a disposici\u00f3n de los clientes una nueva frecuencia diaria entre Bogot\u00e1 y Caracas, fortaleciendo a\u00fan m\u00e1s la conectividad entre Colombia y Venezuela.<\/p>\n\n\n\n<p>\u2022&nbsp;&nbsp;&nbsp;&nbsp;&nbsp;&nbsp;&nbsp;&nbsp;&nbsp;&nbsp;&nbsp;&nbsp; Con esta segunda frecuencia, Caracas quedar\u00e1 conectada con 37 destinos internacionales v\u00eda Bogot\u00e1, adem\u00e1s de 24 destinos dom\u00e9sticos en Colombia y se sumar\u00e1n 16 nuevos destinos internacionales.<\/p>\n\n\n\n<p>Bogot\u00e1, &nbsp;Avianca anuncia la salida a ventas de la segunda frecuencia diaria de su ruta entre Bogot\u00e1 y Caracas, ampliando las opciones de viaje y reforzando la conectividad binacional entre Colombia y Venezuela. La decisi\u00f3n responde a la demanda de clientes y a la consolidaci\u00f3n de las condiciones operativas y de seguridad a\u00e9rea, evaluadas en coordinaci\u00f3n con las autoridades competentes.<\/p>\n\n\n\n<p>Con esta segunda operaci\u00f3n, Caracas quedar\u00e1 conectada con 37 destinos internacionales v\u00eda Bogot\u00e1, adem\u00e1s de 24 destinos dom\u00e9sticos en Colombia, sumando 16 nuevos puntos internacionales a la red disponible. Esta ampliaci\u00f3n permitir\u00e1 llegar f\u00e1cilmente a ciudades del Caribe, Argentina, Brasil, Per\u00fa, Ecuador, Estados Unidos, M\u00e9xico, Panam\u00e1, El Salvador, Guatemala, Chile y Espa\u00f1a, gracias a opciones de conexi\u00f3n el mismo d\u00eda.<\/p>\n\n\n\n<p>Itinerario segunda frecuencia:<\/p>\n\n\n\n<p>\ue10f<\/p>\n\n\n\n<p>Ruta&nbsp;&nbsp;&nbsp;&nbsp;&nbsp; Vuelo&nbsp;&nbsp;&nbsp; Frecuencia&nbsp;&nbsp;&nbsp;&nbsp;&nbsp;&nbsp;&nbsp;&nbsp; Ida&nbsp;&nbsp;&nbsp;&nbsp;&nbsp;&nbsp;&nbsp;&nbsp; Regreso<\/p>\n\n\n\n<p>Bogot\u00e1-Caracas&nbsp;&nbsp;&nbsp;&nbsp;&nbsp;&nbsp;&nbsp;&nbsp;&nbsp;&nbsp;&nbsp;&nbsp;&nbsp;&nbsp;&nbsp; AV122&nbsp;&nbsp; Diaria&nbsp;&nbsp;&nbsp; 23:20&nbsp;&nbsp;&nbsp;&nbsp; 2:25<\/p>\n\n\n\n<p>Caracas-Bogot\u00e1&nbsp;&nbsp;&nbsp;&nbsp;&nbsp;&nbsp;&nbsp;&nbsp;&nbsp;&nbsp;&nbsp;&nbsp;&nbsp;&nbsp;&nbsp; AV123&nbsp;&nbsp; Diaria&nbsp;&nbsp;&nbsp; 4:00&nbsp;&nbsp;&nbsp;&nbsp;&nbsp;&nbsp; 5:00<\/p>\n\n\n\n<p>Itinerario primera frecuencia:<\/p>\n\n\n\n<p>\ue10f<\/p>\n\n\n\n<p>Ruta&nbsp;&nbsp;&nbsp;&nbsp;&nbsp; Vuelo&nbsp;&nbsp;&nbsp; Frecuencia&nbsp;&nbsp;&nbsp;&nbsp;&nbsp;&nbsp;&nbsp;&nbsp; Hora de salida&nbsp;&nbsp; Hora de llegada<\/p>\n\n\n\n<p>Bogot\u00e1-Caracas&nbsp;&nbsp;&nbsp;&nbsp;&nbsp;&nbsp;&nbsp;&nbsp;&nbsp;&nbsp;&nbsp;&nbsp;&nbsp;&nbsp;&nbsp; AV142&nbsp;&nbsp; Diaria&nbsp;&nbsp;&nbsp; 7:40&nbsp;&nbsp;&nbsp;&nbsp;&nbsp;&nbsp; 10:40<\/p>\n\n\n\n<p>Caracas-Bogot\u00e1&nbsp;&nbsp;&nbsp;&nbsp;&nbsp;&nbsp;&nbsp;&nbsp;&nbsp;&nbsp;&nbsp;&nbsp;&nbsp;&nbsp;&nbsp; AV143&nbsp;&nbsp;&nbsp;&nbsp;&nbsp;&nbsp;&nbsp;&nbsp;&nbsp;&nbsp;&nbsp;&nbsp;&nbsp;&nbsp;&nbsp;&nbsp;&nbsp; 12:10&nbsp;&nbsp;&nbsp;&nbsp; 13:15<\/p>\n\n\n\n<p>La nueva frecuencia ser\u00e1 operada en aeronaves Airbus A320, con una configuraci\u00f3n de aproximadamente 180 sillas por vuelo. Con las dos frecuencias diarias en la ruta Bogot\u00e1\u2013Caracas, Avianca ofrecer\u00e1 alrededor de 5.040 sillas semanales, lo que representa un incremento significativo en la capacidad de transporte entre ambos destinos. Esta operaci\u00f3n iniciar\u00e1 el 28 de marzo de 2026, brindando a los viajeros m\u00e1s opciones de itinerarios y flexibilidad para planear sus viajes.<\/p>\n\n\n\n<p>Con la apertura de esta segunda frecuencia diaria, Avianca contin\u00faa ampliando su oferta de conectividad en la regi\u00f3n, apoyando el crecimiento del intercambio comercial, tur\u00edstico y familiar entre Colombia y Venezuela. Esta operaci\u00f3n refleja el compromiso de la aerol\u00ednea con la recuperaci\u00f3n sostenible del mercado y con brindar m\u00e1s opciones de viaje a sus clientes.<\/p>\n\n\n\n<p>Los tiquetes para esta ruta ya se encuentran disponibles en avianca.com, la aplicaci\u00f3n m\u00f3vil, puntos de venta f\u00edsicos, las agencias de viaje y el Contact Center.<\/p>\n\n\n\n<p>***<\/p>\n","protected":false},"excerpt":{"rendered":"<p>\u2022&nbsp;&nbsp;&nbsp;&nbsp;&nbsp;&nbsp;&nbsp;&nbsp;&nbsp;&nbsp;&nbsp;&nbsp; La aerol\u00ednea pone a disposici\u00f3n de los clientes una nueva frecuencia diaria entre Bogot\u00e1 y Caracas, fortaleciendo a\u00fan m\u00e1s la conectividad entre Colombia y Venezuela. \u2022&nbsp;&nbsp;&nbsp;&nbsp;&nbsp;&nbsp;&nbsp;&nbsp;&nbsp;&nbsp;&nbsp;&nbsp; Con esta segunda frecuencia, Caracas quedar\u00e1 conectada con 37 destinos internacionales v\u00eda Bogot\u00e1, adem\u00e1s de 24 destinos dom\u00e9sticos en Colombia y se sumar\u00e1n 16 nuevos destinos internacionales. Bogot\u00e1, [&hellip;]<\/p>\n","protected":false},"author":1,"featured_media":12772,"comment_status":"open","ping_status":"open","sticky":false,"template":"","format":"standard","meta":{"footnotes":""},"categories":[4],"tags":[],"class_list":["post-12771","post","type-post","status-publish","format-standard","has-post-thumbnail","hentry","category-negocios"],"_links":{"self":[{"href":"http:\/\/www.elcapital.pe\/index.php?rest_route=\/wp\/v2\/posts\/12771","targetHints":{"allow":["GET"]}}],"collection":[{"href":"http:\/\/www.elcapital.pe\/index.php?rest_route=\/wp\/v2\/posts"}],"about":[{"href":"http:\/\/www.elcapital.pe\/index.php?rest_route=\/wp\/v2\/types\/post"}],"author":[{"embeddable":true,"href":"http:\/\/www.elcapital.pe\/index.php?rest_route=\/wp\/v2\/users\/1"}],"replies":[{"embeddable":true,"href":"http:\/\/www.elcapital.pe\/index.php?rest_route=%2Fwp%2Fv2%2Fcomments&post=12771"}],"version-history":[{"count":1,"href":"http:\/\/www.elcapital.pe\/index.php?rest_route=\/wp\/v2\/posts\/12771\/revisions"}],"predecessor-version":[{"id":12773,"href":"http:\/\/www.elcapital.pe\/index.php?rest_route=\/wp\/v2\/posts\/12771\/revisions\/12773"}],"wp:featuredmedia":[{"embeddable":true,"href":"http:\/\/www.elcapital.pe\/index.php?rest_route=\/wp\/v2\/media\/12772"}],"wp:attachment":[{"href":"http:\/\/www.elcapital.pe\/index.php?rest_route=%2Fwp%2Fv2%2Fmedia&parent=12771"}],"wp:term":[{"taxonomy":"category","embeddable":true,"href":"http:\/\/www.elcapital.pe\/index.php?rest_route=%2Fwp%2Fv2%2Fcategories&post=12771"},{"taxonomy":"post_tag","embeddable":true,"href":"http:\/\/www.elcapital.pe\/index.php?rest_route=%2Fwp%2Fv2%2Ftags&post=12771"}],"curies":[{"name":"wp","href":"https:\/\/api.w.org\/{rel}","templated":true}]}}