{"id":12672,"date":"2026-03-04T21:42:20","date_gmt":"2026-03-05T02:42:20","guid":{"rendered":"https:\/\/www.elcapital.pe\/?p=12672"},"modified":"2026-03-04T21:42:20","modified_gmt":"2026-03-05T02:42:20","slug":"presidente-vamos-a-pedir-facultades-legislativas-para-luchar-contra-la-inseguridad","status":"publish","type":"post","link":"http:\/\/www.elcapital.pe\/?p=12672","title":{"rendered":"PRESIDENTE: VAMOS A PEDIR FACULTADES LEGISLATIVAS PARA LUCHAR CONTRA LA INSEGURIDAD\u00a0"},"content":{"rendered":"\n<p>El presidente de la rep\u00fablica, Jos\u00e9 Mar\u00eda Balc\u00e1zar, afirm\u00f3 hoy que solicitar\u00e1 al Congreso de la Rep\u00fablica facultades legislativas con el objetivo de impulsar medidas que permitan fortalecer la lucha contra la inseguridad ciudadana y enfrentar con mayor eficacia al crimen organizado.<\/p>\n\n\n\n<p>El jefe de Estado brind\u00f3 esta declaraci\u00f3n durante una reuni\u00f3n sostenida en Palacio de Gobierno con alcaldes de Lima Metropolitana, con quienes coordin\u00f3 acciones conjuntas orientadas a mejorar las estrategias de seguridad y reforzar la respuesta del Estado frente a la criminalidad.<\/p>\n\n\n\n<p>\u201cEstoy pensando solicitar al Congreso facultades legislativas para impulsar la lucha contra la inseguridad ciudadana a trav\u00e9s de dar mayores herramientas a la Polic\u00eda Nacional para que pueda combatir a las organizaciones criminales\u201d, sostuvo el mandatario.<\/p>\n\n\n\n<p>Durante el encuentro, el jefe de Estado explic\u00f3 que su gobierno eval\u00faa diversas reformas legales orientadas a mejorar el combate contra la criminalidad, entre ellas fortalecer el rol de la Polic\u00eda Nacional en la investigaci\u00f3n criminal.<\/p>\n\n\n\n<p>\u201cPensamos modificar las leyes para que la Polic\u00eda Nacional tenga siempre el protagonismo principal en la investigaci\u00f3n criminal y est\u00e9 a cargo de toda la parte preliminar\u201d, precis\u00f3.<\/p>\n\n\n\n<p>En ese marco, el mandatario convoc\u00f3 a los alcaldes a mantener un trabajo conjunto para fortalecer las pol\u00edticas p\u00fablicas en materia de seguridad y anunci\u00f3 nuevas reuniones de coordinaci\u00f3n.<\/p>\n\n\n\n<p>\u201cLes invito a reunirnos pronto para revisar el plan de seguridad nacional que estamos elaborando. Ese trabajo debe hacerse con la colaboraci\u00f3n de ustedes y de todas las autoridades comprometidas con la seguridad del pa\u00eds\u201d, concluy\u00f3.<\/p>\n\n\n\n<p>De otro lado, advirti\u00f3 que el crimen organizado ha superado los l\u00edmites tradicionales de las jurisdicciones nacionales, lo que exige respuestas legales m\u00e1s firmes y coordinadas.<\/p>\n\n\n\n<p>\u201cEl crimen organizado ha desbordado todo concepto de naci\u00f3n que se ten\u00eda. Por eso la legislaci\u00f3n debe permitir enfrentar estos delitos como amenazas contra el Estado y contra la seguridad nacional\u201d, afirm\u00f3.<\/p>\n\n\n\n<p>El presidente Balc\u00e1zar agradeci\u00f3 la presencia de los alcaldes y destac\u00f3 la importancia del di\u00e1logo directo con las autoridades locales para identificar las principales necesidades de la poblaci\u00f3n.<\/p>\n\n\n\n<p>\u201cGracias por venir y tambi\u00e9n por los planteamientos que se han presentado. Nosotros siempre hemos dicho que nuestra pol\u00edtica es el di\u00e1logo, y un di\u00e1logo con los agentes reales, en este caso con quienes ejecutan el presupuesto y est\u00e1n cerca de los vecinos, que son las municipalidades\u201d, se\u00f1al\u00f3.<\/p>\n\n\n\n<p>Finalmente, asever\u00f3 que el trabajo coordinado entre el Ejecutivo y los gobiernos locales constituye una herramienta fundamental para enfrentar los problemas que afectan a la ciudadan\u00eda. \u201cNo hay m\u00e1s democracia que esto: tener contacto con los verdaderos vecinos a trav\u00e9s de ustedes\u201d, expres\u00f3 el mandatario ante las autoridades municipales.<\/p>\n","protected":false},"excerpt":{"rendered":"<p>El presidente de la rep\u00fablica, Jos\u00e9 Mar\u00eda Balc\u00e1zar, afirm\u00f3 hoy que solicitar\u00e1 al Congreso de la Rep\u00fablica facultades legislativas con el objetivo de impulsar medidas que permitan fortalecer la lucha contra la inseguridad ciudadana y enfrentar con mayor eficacia al crimen organizado. El jefe de Estado brind\u00f3 esta declaraci\u00f3n durante una reuni\u00f3n sostenida en Palacio [&hellip;]<\/p>\n","protected":false},"author":1,"featured_media":12673,"comment_status":"open","ping_status":"open","sticky":false,"template":"","format":"standard","meta":{"footnotes":""},"categories":[2],"tags":[],"class_list":["post-12672","post","type-post","status-publish","format-standard","has-post-thumbnail","hentry","category-actualidad"],"_links":{"self":[{"href":"http:\/\/www.elcapital.pe\/index.php?rest_route=\/wp\/v2\/posts\/12672","targetHints":{"allow":["GET"]}}],"collection":[{"href":"http:\/\/www.elcapital.pe\/index.php?rest_route=\/wp\/v2\/posts"}],"about":[{"href":"http:\/\/www.elcapital.pe\/index.php?rest_route=\/wp\/v2\/types\/post"}],"author":[{"embeddable":true,"href":"http:\/\/www.elcapital.pe\/index.php?rest_route=\/wp\/v2\/users\/1"}],"replies":[{"embeddable":true,"href":"http:\/\/www.elcapital.pe\/index.php?rest_route=%2Fwp%2Fv2%2Fcomments&post=12672"}],"version-history":[{"count":1,"href":"http:\/\/www.elcapital.pe\/index.php?rest_route=\/wp\/v2\/posts\/12672\/revisions"}],"predecessor-version":[{"id":12674,"href":"http:\/\/www.elcapital.pe\/index.php?rest_route=\/wp\/v2\/posts\/12672\/revisions\/12674"}],"wp:featuredmedia":[{"embeddable":true,"href":"http:\/\/www.elcapital.pe\/index.php?rest_route=\/wp\/v2\/media\/12673"}],"wp:attachment":[{"href":"http:\/\/www.elcapital.pe\/index.php?rest_route=%2Fwp%2Fv2%2Fmedia&parent=12672"}],"wp:term":[{"taxonomy":"category","embeddable":true,"href":"http:\/\/www.elcapital.pe\/index.php?rest_route=%2Fwp%2Fv2%2Fcategories&post=12672"},{"taxonomy":"post_tag","embeddable":true,"href":"http:\/\/www.elcapital.pe\/index.php?rest_route=%2Fwp%2Fv2%2Ftags&post=12672"}],"curies":[{"name":"wp","href":"https:\/\/api.w.org\/{rel}","templated":true}]}}