{"id":12657,"date":"2026-03-03T21:29:59","date_gmt":"2026-03-04T02:29:59","guid":{"rendered":"https:\/\/www.elcapital.pe\/?p=12657"},"modified":"2026-03-03T21:29:59","modified_gmt":"2026-03-04T02:29:59","slug":"kast-da-por-terminado-el-traspaso-con-boric-y-acusa-falta-de-transparencia","status":"publish","type":"post","link":"http:\/\/www.elcapital.pe\/?p=12657","title":{"rendered":"KAST DA POR TERMINADO EL TRASPASO CON BORIC Y ACUSA FALTA DE TRANSPARENCIA\u00a0"},"content":{"rendered":"\n<p>El presidente electo de Chile, Jos\u00e9 Antonio Kast, anunci\u00f3 este martes (03.03.2026) el fin del proceso de transici\u00f3n con el gobierno saliente de Gabriel Boric, tras acusaciones de \u201cfalta de transparencia\u201d en torno al proyecto de un cable submarino entre China y Chile.<\/p>\n\n\n\n<p>La decisi\u00f3n se produjo luego de la cancelaci\u00f3n abrupta de una reuni\u00f3n en el Palacio de La Moneda, que apenas se extendi\u00f3 por poco m\u00e1s de veinte minutos. El encuentro ten\u00eda como objetivo abordar el controvertido proyecto de infraestructura tecnol\u00f3gica.<\/p>\n\n\n\n<p>\u201cNo confiamos en la informaci\u00f3n que se nos est\u00e1 entregando\u201d, afirm\u00f3 Kast en una rueda de prensa convocada tras suspender la cita. Seg\u00fan explic\u00f3, el proceso de traspaso \u2014iniciado en diciembre\u2014 comenz\u00f3 \u201cde la mejor manera\u201d, pero su equipo detect\u00f3 \u201cfalta de informaci\u00f3n\u201d en distintos ministerios.<\/p>\n\n\n\n<p>Cruce de versiones<\/p>\n\n\n\n<p>Boric, visiblemente molesto, asegur\u00f3 que el mandatario electo le pidi\u00f3 rectificar declaraciones previas en las que afirm\u00f3 haber conversado con \u00e9l sobre el proyecto del cable semanas antes de que se generara la pol\u00e9mica p\u00fablica.<\/p>\n\n\n\n<p>El jefe de Estado saliente sostuvo que se neg\u00f3 a modificar sus dichos \u201cporque es falso\u201d, y que tras esa negativa Kast decidi\u00f3 suspender las reuniones bilaterales.<\/p>\n\n\n\n<p>Por su parte, Kast reconoci\u00f3 que existi\u00f3 una conversaci\u00f3n telef\u00f3nica el pasado 18 de febrero, pero precis\u00f3 que se trat\u00f3 de \u201cenunciados generales\u201d y no de informaci\u00f3n detallada. Asimismo, solicit\u00f3 una \u201caclaraci\u00f3n\u201d para evitar interpretaciones err\u00f3neas sobre lo abordado en ese di\u00e1logo.<\/p>\n\n\n\n<p>La llamada se produjo dos d\u00edas antes de que la administraci\u00f3n del presidente estadounidense Donald Trump revocara las visas diplom\u00e1ticas a tres funcionarios chilenos, entre ellos el ministro de Transportes y Telecomunicaciones, Juan Carlos Mu\u00f1oz, tras acusarlos de \u201csocavar la seguridad regional\u201d.<\/p>\n\n\n\n<p>Transici\u00f3n en tensi\u00f3n<\/p>\n\n\n\n<p>Kast y Boric se hab\u00edan reunido en tres ocasiones desde el 15 de diciembre, un d\u00eda despu\u00e9s del triunfo electoral del l\u00edder conservador. Hasta ahora, el proceso de transici\u00f3n se hab\u00eda desarrollado en un tono institucional y cordial.<\/p>\n\n\n\n<p>Ambos incluso comparecieron juntos tras los megaincendios que afectaron la zona centro-sur del pa\u00eds y dejaron al menos 21 fallecidos, en un gesto que fue valorado como se\u00f1al de unidad republicana.<\/p>\n\n\n\n<p>Sin embargo, la ruptura de este martes abre un nuevo escenario pol\u00edtico a poco m\u00e1s de una semana del cambio de mando.<\/p>\n\n\n\n<p>\u201cNos vamos a seguir preparando para la recepci\u00f3n del Gobierno\u201d, se\u00f1al\u00f3 Kast, quien indic\u00f3 que su equipo comenzar\u00e1 a organizar y recopilar la informaci\u00f3n necesaria por otras v\u00edas.<\/p>\n\n\n\n<p>Minutos despu\u00e9s, Boric public\u00f3 un mensaje en redes sociales en el que lament\u00f3 que el presidente electo \u201cempa\u00f1ara\u201d la tradici\u00f3n republicana de un traspaso ordenado y reiter\u00f3 su disposici\u00f3n a continuar el di\u00e1logo.<\/p>\n","protected":false},"excerpt":{"rendered":"<p>El presidente electo de Chile, Jos\u00e9 Antonio Kast, anunci\u00f3 este martes (03.03.2026) el fin del proceso de transici\u00f3n con el gobierno saliente de Gabriel Boric, tras acusaciones de \u201cfalta de transparencia\u201d en torno al proyecto de un cable submarino entre China y Chile. La decisi\u00f3n se produjo luego de la cancelaci\u00f3n abrupta de una reuni\u00f3n [&hellip;]<\/p>\n","protected":false},"author":1,"featured_media":12658,"comment_status":"open","ping_status":"open","sticky":false,"template":"","format":"standard","meta":{"footnotes":""},"categories":[2],"tags":[],"class_list":["post-12657","post","type-post","status-publish","format-standard","has-post-thumbnail","hentry","category-actualidad"],"_links":{"self":[{"href":"http:\/\/www.elcapital.pe\/index.php?rest_route=\/wp\/v2\/posts\/12657","targetHints":{"allow":["GET"]}}],"collection":[{"href":"http:\/\/www.elcapital.pe\/index.php?rest_route=\/wp\/v2\/posts"}],"about":[{"href":"http:\/\/www.elcapital.pe\/index.php?rest_route=\/wp\/v2\/types\/post"}],"author":[{"embeddable":true,"href":"http:\/\/www.elcapital.pe\/index.php?rest_route=\/wp\/v2\/users\/1"}],"replies":[{"embeddable":true,"href":"http:\/\/www.elcapital.pe\/index.php?rest_route=%2Fwp%2Fv2%2Fcomments&post=12657"}],"version-history":[{"count":1,"href":"http:\/\/www.elcapital.pe\/index.php?rest_route=\/wp\/v2\/posts\/12657\/revisions"}],"predecessor-version":[{"id":12659,"href":"http:\/\/www.elcapital.pe\/index.php?rest_route=\/wp\/v2\/posts\/12657\/revisions\/12659"}],"wp:featuredmedia":[{"embeddable":true,"href":"http:\/\/www.elcapital.pe\/index.php?rest_route=\/wp\/v2\/media\/12658"}],"wp:attachment":[{"href":"http:\/\/www.elcapital.pe\/index.php?rest_route=%2Fwp%2Fv2%2Fmedia&parent=12657"}],"wp:term":[{"taxonomy":"category","embeddable":true,"href":"http:\/\/www.elcapital.pe\/index.php?rest_route=%2Fwp%2Fv2%2Fcategories&post=12657"},{"taxonomy":"post_tag","embeddable":true,"href":"http:\/\/www.elcapital.pe\/index.php?rest_route=%2Fwp%2Fv2%2Ftags&post=12657"}],"curies":[{"name":"wp","href":"https:\/\/api.w.org\/{rel}","templated":true}]}}