{"id":12651,"date":"2026-03-03T21:15:29","date_gmt":"2026-03-04T02:15:29","guid":{"rendered":"https:\/\/www.elcapital.pe\/?p=12651"},"modified":"2026-03-03T21:15:29","modified_gmt":"2026-03-04T02:15:29","slug":"trump-y-merz-coinciden-en-postura-sobre-iran-pero-berlin-advierte-impacto-economico","status":"publish","type":"post","link":"http:\/\/www.elcapital.pe\/?p=12651","title":{"rendered":"TRUMP Y MERZ COINCIDEN EN POSTURA SOBRE IRAN, PERO BERLIN ADVIERTE IMPACTO ECONOMICO\u00a0\u00a0"},"content":{"rendered":"\n<p>El presidente de Estados Unidos, Donald Trump, y el canciller alem\u00e1n, Friedrich Merz, mostraron este martes (03.03.2026) afinidad en su postura frente a Ir\u00e1n durante un encuentro en la Casa Blanca, aunque el l\u00edder alem\u00e1n expres\u00f3 su preocupaci\u00f3n por las consecuencias econ\u00f3micas del conflicto.<\/p>\n\n\n\n<p>La reuni\u00f3n, programada con antelaci\u00f3n, adquiri\u00f3 especial relevancia al tratarse del primer encuentro de Trump con un l\u00edder extranjero desde el inicio de la ofensiva contra Ir\u00e1n el pasado s\u00e1bado.<\/p>\n\n\n\n<p>Durante un intercambio con la prensa en el Despacho Oval, el mandatario estadounidense elogi\u00f3 \u201cel muy buen trabajo\u201d y la \u201cpopularidad\u201d de Merz, y asegur\u00f3 que ambos se han hecho \u201camigos\u201d, pese a diferencias previas en materia comercial y tensiones con la Uni\u00f3n Europea.<\/p>\n\n\n\n<p>No obstante, Trump lanz\u00f3 cr\u00edticas contra el primer ministro brit\u00e1nico, Keir Starmer, a quien reproch\u00f3 falta de cooperaci\u00f3n, y contra Espa\u00f1a, por no haber autorizado el uso de sus bases durante la ofensiva militar.<\/p>\n\n\n\n<p>Coincidencias y matices<\/p>\n\n\n\n<p>En relaci\u00f3n con Ir\u00e1n, Trump sostuvo que \u201ctodo ha sido destruido\u201d, mientras que Merz afirm\u00f3 estar \u201cen la misma sinton\u00eda\u201d respecto a la necesidad de frenar al r\u00e9gimen de Teher\u00e1n.<\/p>\n\n\n\n<p>Sin embargo, el canciller alem\u00e1n subray\u00f3 que la guerra debe concluir lo antes posible para evitar mayores da\u00f1os econ\u00f3micos. \u201cEsto, por supuesto, afecta nuestras econom\u00edas, especialmente en lo que respecta al precio del petr\u00f3leo y del gas. Todos esperamos que esta guerra termine lo antes posible\u201d, declar\u00f3.<\/p>\n\n\n\n<p>Merz a\u00f1adi\u00f3 que conf\u00eda en que las acciones militares permitan estabilizar la situaci\u00f3n y abrir paso a un escenario que restablezca la paz y la libertad en la regi\u00f3n.<\/p>\n\n\n\n<p>El domingo, el canciller hab\u00eda se\u00f1alado que Alemania no dar\u00eda \u201clecciones\u201d sobre la legalidad de la operaci\u00f3n militar, argumentando que Teher\u00e1n se ha negado a renunciar a sus programas nuclear y bal\u00edstico.<\/p>\n\n\n\n<p>En un comunicado conjunto con el presidente franc\u00e9s, Emmanuel Macron, y el primer ministro brit\u00e1nico, Keir Starmer, Merz expres\u00f3 disposici\u00f3n a respaldar \u201cacciones defensivas necesarias y proporcionadas\u201d ante eventuales represalias iran\u00edes en la regi\u00f3n.<\/p>\n\n\n\n<p>Agenda bilateral<\/p>\n\n\n\n<p>Adem\u00e1s del conflicto en Oriente Medio, Merz indic\u00f3 que abordar\u00eda con Trump el acuerdo comercial entre Estados Unidos y la Uni\u00f3n Europea, el cual desea ver en vigor \u201clo antes posible\u201d, as\u00ed como la situaci\u00f3n de la guerra en Ucrania.<\/p>\n\n\n\n<p>El encuentro reflej\u00f3 una convergencia estrat\u00e9gica entre Washington y Berl\u00edn frente a Ir\u00e1n, aunque con matices respecto al impacto econ\u00f3mico global del conflicto.<\/p>\n","protected":false},"excerpt":{"rendered":"<p>El presidente de Estados Unidos, Donald Trump, y el canciller alem\u00e1n, Friedrich Merz, mostraron este martes (03.03.2026) afinidad en su postura frente a Ir\u00e1n durante un encuentro en la Casa Blanca, aunque el l\u00edder alem\u00e1n expres\u00f3 su preocupaci\u00f3n por las consecuencias econ\u00f3micas del conflicto. La reuni\u00f3n, programada con antelaci\u00f3n, adquiri\u00f3 especial relevancia al tratarse del [&hellip;]<\/p>\n","protected":false},"author":1,"featured_media":12652,"comment_status":"open","ping_status":"open","sticky":false,"template":"","format":"standard","meta":{"footnotes":""},"categories":[2],"tags":[],"class_list":["post-12651","post","type-post","status-publish","format-standard","has-post-thumbnail","hentry","category-actualidad"],"_links":{"self":[{"href":"http:\/\/www.elcapital.pe\/index.php?rest_route=\/wp\/v2\/posts\/12651","targetHints":{"allow":["GET"]}}],"collection":[{"href":"http:\/\/www.elcapital.pe\/index.php?rest_route=\/wp\/v2\/posts"}],"about":[{"href":"http:\/\/www.elcapital.pe\/index.php?rest_route=\/wp\/v2\/types\/post"}],"author":[{"embeddable":true,"href":"http:\/\/www.elcapital.pe\/index.php?rest_route=\/wp\/v2\/users\/1"}],"replies":[{"embeddable":true,"href":"http:\/\/www.elcapital.pe\/index.php?rest_route=%2Fwp%2Fv2%2Fcomments&post=12651"}],"version-history":[{"count":1,"href":"http:\/\/www.elcapital.pe\/index.php?rest_route=\/wp\/v2\/posts\/12651\/revisions"}],"predecessor-version":[{"id":12653,"href":"http:\/\/www.elcapital.pe\/index.php?rest_route=\/wp\/v2\/posts\/12651\/revisions\/12653"}],"wp:featuredmedia":[{"embeddable":true,"href":"http:\/\/www.elcapital.pe\/index.php?rest_route=\/wp\/v2\/media\/12652"}],"wp:attachment":[{"href":"http:\/\/www.elcapital.pe\/index.php?rest_route=%2Fwp%2Fv2%2Fmedia&parent=12651"}],"wp:term":[{"taxonomy":"category","embeddable":true,"href":"http:\/\/www.elcapital.pe\/index.php?rest_route=%2Fwp%2Fv2%2Fcategories&post=12651"},{"taxonomy":"post_tag","embeddable":true,"href":"http:\/\/www.elcapital.pe\/index.php?rest_route=%2Fwp%2Fv2%2Ftags&post=12651"}],"curies":[{"name":"wp","href":"https:\/\/api.w.org\/{rel}","templated":true}]}}