{"id":12639,"date":"2026-03-03T20:36:08","date_gmt":"2026-03-04T01:36:08","guid":{"rendered":"https:\/\/www.elcapital.pe\/?p=12639"},"modified":"2026-03-03T20:36:08","modified_gmt":"2026-03-04T01:36:08","slug":"juez-increpa-a-adrian-villar-por-que-no-la-atendiste-por-que-huiste-que-paso-por-tu-cabeza","status":"publish","type":"post","link":"http:\/\/www.elcapital.pe\/?p=12639","title":{"rendered":"JUEZ INCREPA A ADRIAN VILLAR: \u201c\u00bfPOR QUE \u00a0NO LA ATENDISTE? \u00bfPOR QUE HUISTE? \u00bfQUE PASO POR TU CABEZA?\u00a0"},"content":{"rendered":"\n<p>Durante la audiencia en la que se eval\u00faa el pedido de nueve meses de prisi\u00f3n preventiva por la muerte de la deportista Lizeth Marzano, Adri\u00e1n Villar reconoci\u00f3 su responsabilidad y expres\u00f3 arrepentimiento ante el magistrado.<\/p>\n\n\n\n<p>El juez Adolfo Fernando Farf\u00e1n, titular del 33\u00b0 Juzgado de Investigaci\u00f3n Preparatoria de la Corte Superior de Justicia de Lima, interrog\u00f3 este martes a Adri\u00e1n Villar al t\u00e9rmino de la sesi\u00f3n en la que se analiza su situaci\u00f3n jur\u00eddica. El Ministerio P\u00fablico solicita prisi\u00f3n preventiva por su presunta responsabilidad en la muerte de Lizeth Marzano.<\/p>\n\n\n\n<p>Villar se mostr\u00f3 visiblemente nervioso cuando el magistrado se\u00f1al\u00f3 que deseaba escucharlo antes de emitir su decisi\u00f3n, al considerar que existen \u201celementos graves y fundados\u201d en su contra.<\/p>\n\n\n\n<p>\u201cLo \u00fanico que tengo que decir es perd\u00f3n, perd\u00f3n y mil veces perd\u00f3n a la familia y a todas las personas que aman a Lizeth. Soy completamente consciente de lo sucedido y de sus consecuencias. Estoy profundamente arrepentido de haber causado tanto dolor. Acepto mi responsabilidad y estoy aqu\u00ed para asumir lo que tenga que asumir. Perd\u00f3n. Eso es todo\u201d, manifest\u00f3.<\/p>\n\n\n\n<p>El juez le formul\u00f3 entonces varias preguntas directas: \u201c\u00bfQu\u00e9 pas\u00f3 por tu cabeza cuando hiciste eso? \u00bfPor qu\u00e9 no bajaste a atender a la se\u00f1orita? \u00bfPor qu\u00e9 huiste? \u00bfEn qu\u00e9 estabas pensando?\u201d.<\/p>\n\n\n\n<p>Acusado de homicidio culposo, omisi\u00f3n de socorro y fuga del lugar del accidente, Villar respondi\u00f3 con vacilaci\u00f3n: \u201cNo s\u00e9 qu\u00e9 me pas\u00f3. De verdad, no s\u00e9 qu\u00e9 me pas\u00f3. Mi cabeza me dec\u00eda que pare, pero mi cuerpo no obedec\u00eda. Nunca me hab\u00eda ocurrido algo similar. Lo siento much\u00edsimo\u201d.<\/p>\n\n\n\n<p>Al cierre de la audiencia, el magistrado anunci\u00f3 que la resoluci\u00f3n ser\u00e1 emitida este mi\u00e9rcoles a las 21:00 horas, al indicar que deb\u00eda atender otras diligencias programadas. El Ministerio P\u00fablico no formul\u00f3 objeciones y la defensa expres\u00f3 su conformidad con la reprogramaci\u00f3n.<\/p>\n\n\n\n<p>El accidente<\/p>\n\n\n\n<p>Marzano, seleccionada nacional de apnea (buceo libre), trotaba junto a la vereda en las inmediaciones de la avenida Camino Real, frente a la sede del Lima Golf Club, en San Isidro, la noche del martes 17 de febrero, cuando fue embestida por el veh\u00edculo conducido por Villar, quien abandon\u00f3 el lugar.<\/p>\n\n\n\n<p>Horas despu\u00e9s del accidente, el joven acudi\u00f3 a la vivienda de su entonces pareja, la influencer Francesca Montenegro, quien le ofreci\u00f3 apoyo legal.<\/p>\n\n\n\n<p>\u201cTe juro, mi papi podr\u00e1 ser todo lo raro y extra\u00f1o que digo siempre, pero es un buen abogado. Para m\u00ed no hay mejor defensor que alguien que te quiere y te conoce. Mi mam\u00e1 pregunta si quieres que le cuente para ver si te pasa uno de sus peces gordos\u201d, se lee en una de las conversaciones difundidas el \u00faltimo fin de semana por el programa Cuarto Poder.<\/p>\n\n\n\n<p>Montenegro es hija del abogado Juan Montenegro, quien, seg\u00fan las revelaciones period\u00edsticas, se reuni\u00f3 con familiares del joven para evaluar una posible estrategia legal una vez vencido el plazo de flagrancia. Por estos hechos, el Colegio de Abogados de Lima analiza eventuales sanciones disciplinarias, incluida una posible expulsi\u00f3n, ante un presunto encubrimiento.<\/p>\n\n\n\n<p>Los mensajes tambi\u00e9n muestran que la madre de Villar, Marcela Chirinos, le aconsej\u00f3 enfrentar la situaci\u00f3n con honestidad. \u201cLo \u00fanico que quiero que sepas es que estar\u00e9 contigo en esto. Hay que afrontarlo con la verdad y valent\u00eda\u201d, escribi\u00f3.<\/p>\n\n\n\n<p>\u201cTe amo, estoy contigo y debemos ser fuertes. Pensemos c\u00f3mo afrontar esto en lugar de tratar de encubrir cosas. Te acompa\u00f1ar\u00e9 en todo\u201d, agreg\u00f3.<\/p>\n","protected":false},"excerpt":{"rendered":"<p>Durante la audiencia en la que se eval\u00faa el pedido de nueve meses de prisi\u00f3n preventiva por la muerte de la deportista Lizeth Marzano, Adri\u00e1n Villar reconoci\u00f3 su responsabilidad y expres\u00f3 arrepentimiento ante el magistrado. El juez Adolfo Fernando Farf\u00e1n, titular del 33\u00b0 Juzgado de Investigaci\u00f3n Preparatoria de la Corte Superior de Justicia de Lima, [&hellip;]<\/p>\n","protected":false},"author":1,"featured_media":12640,"comment_status":"open","ping_status":"open","sticky":false,"template":"","format":"standard","meta":{"footnotes":""},"categories":[2],"tags":[],"class_list":["post-12639","post","type-post","status-publish","format-standard","has-post-thumbnail","hentry","category-actualidad"],"_links":{"self":[{"href":"http:\/\/www.elcapital.pe\/index.php?rest_route=\/wp\/v2\/posts\/12639","targetHints":{"allow":["GET"]}}],"collection":[{"href":"http:\/\/www.elcapital.pe\/index.php?rest_route=\/wp\/v2\/posts"}],"about":[{"href":"http:\/\/www.elcapital.pe\/index.php?rest_route=\/wp\/v2\/types\/post"}],"author":[{"embeddable":true,"href":"http:\/\/www.elcapital.pe\/index.php?rest_route=\/wp\/v2\/users\/1"}],"replies":[{"embeddable":true,"href":"http:\/\/www.elcapital.pe\/index.php?rest_route=%2Fwp%2Fv2%2Fcomments&post=12639"}],"version-history":[{"count":1,"href":"http:\/\/www.elcapital.pe\/index.php?rest_route=\/wp\/v2\/posts\/12639\/revisions"}],"predecessor-version":[{"id":12641,"href":"http:\/\/www.elcapital.pe\/index.php?rest_route=\/wp\/v2\/posts\/12639\/revisions\/12641"}],"wp:featuredmedia":[{"embeddable":true,"href":"http:\/\/www.elcapital.pe\/index.php?rest_route=\/wp\/v2\/media\/12640"}],"wp:attachment":[{"href":"http:\/\/www.elcapital.pe\/index.php?rest_route=%2Fwp%2Fv2%2Fmedia&parent=12639"}],"wp:term":[{"taxonomy":"category","embeddable":true,"href":"http:\/\/www.elcapital.pe\/index.php?rest_route=%2Fwp%2Fv2%2Fcategories&post=12639"},{"taxonomy":"post_tag","embeddable":true,"href":"http:\/\/www.elcapital.pe\/index.php?rest_route=%2Fwp%2Fv2%2Ftags&post=12639"}],"curies":[{"name":"wp","href":"https:\/\/api.w.org\/{rel}","templated":true}]}}