{"id":12620,"date":"2026-03-02T22:00:26","date_gmt":"2026-03-03T03:00:26","guid":{"rendered":"https:\/\/www.elcapital.pe\/?p=12620"},"modified":"2026-03-02T22:00:26","modified_gmt":"2026-03-03T03:00:26","slug":"volodomir-zelenski-espera-dialogar-pronto-con-rusia-y-propone-cambiar-sede-de-reunion","status":"publish","type":"post","link":"http:\/\/www.elcapital.pe\/?p=12620","title":{"rendered":"VOLODOMIR ZELENSKI ESPERA DIALOGAR PRONTO CON RUSIA Y PROPONE CAMBIAR SEDE DE REUNION\u00a0"},"content":{"rendered":"\n<p>El presidente de Ucrania, Volod\u00edmir Zelenski, plante\u00f3 este lunes (02.03.2026) que la reuni\u00f3n tripartita prevista entre delegaciones de Ucrania, Rusia y Estados Unidos podr\u00eda trasladarse de Abu Dabi a Turqu\u00eda o Suiza, ante el riesgo de ataques de represalia iran\u00edes en la capital de los Emiratos \u00c1rabes Unidos.<\/p>\n\n\n\n<p>Abu Dabi ha sido mencionada como posible objetivo en el marco de la escalada regional tras los bombardeos de Estados Unidos e Israel contra Ir\u00e1n.<\/p>\n\n\n\n<p>En un mensaje de voz enviado al grupo de periodistas que cubre la actualidad ucraniana, Zelenski se\u00f1al\u00f3 que el encuentro estaba programado entre el 5 y el 8 de marzo, aunque estim\u00f3 que podr\u00eda concretarse los d\u00edas 5 y 6. A\u00f1adi\u00f3 que, hasta el momento, no ha recibido una notificaci\u00f3n oficial sobre cambios en la agenda pese al deterioro del contexto internacional.<\/p>\n\n\n\n<p>Donetsk, principal punto de fricci\u00f3n<\/p>\n\n\n\n<p>Respecto al contenido de las negociaciones, el mandatario subray\u00f3 que el principal desacuerdo contin\u00faa siendo la situaci\u00f3n de Donetsk, en el este de Ucrania. Zelenski afirm\u00f3 que Kiev no contempla intercambiar el territorio que a\u00fan controla en esa regi\u00f3n por zonas fronterizas ocupadas por fuerzas rusas en Sumi y J\u00e1rkov, en el noreste del pa\u00eds.<\/p>\n\n\n\n<p>Indic\u00f3 que Ucrania mantiene m\u00e1s del 20 % del territorio de Donetsk y sostuvo que esa regi\u00f3n no puede equipararse con las \u201cpeque\u00f1as franjas\u201d bajo control ruso en otras \u00e1reas fronterizas.<\/p>\n\n\n\n<p>El Gobierno ucraniano insiste en que cualquier eventual acuerdo deber\u00e1 respetar la integridad territorial del pa\u00eds, mientras se mantiene la expectativa de que el di\u00e1logo pueda concretarse en los pr\u00f3ximos d\u00edas.<\/p>\n","protected":false},"excerpt":{"rendered":"<p>El presidente de Ucrania, Volod\u00edmir Zelenski, plante\u00f3 este lunes (02.03.2026) que la reuni\u00f3n tripartita prevista entre delegaciones de Ucrania, Rusia y Estados Unidos podr\u00eda trasladarse de Abu Dabi a Turqu\u00eda o Suiza, ante el riesgo de ataques de represalia iran\u00edes en la capital de los Emiratos \u00c1rabes Unidos. Abu Dabi ha sido mencionada como posible [&hellip;]<\/p>\n","protected":false},"author":1,"featured_media":12621,"comment_status":"open","ping_status":"open","sticky":false,"template":"","format":"standard","meta":{"footnotes":""},"categories":[2],"tags":[],"class_list":["post-12620","post","type-post","status-publish","format-standard","has-post-thumbnail","hentry","category-actualidad"],"_links":{"self":[{"href":"http:\/\/www.elcapital.pe\/index.php?rest_route=\/wp\/v2\/posts\/12620","targetHints":{"allow":["GET"]}}],"collection":[{"href":"http:\/\/www.elcapital.pe\/index.php?rest_route=\/wp\/v2\/posts"}],"about":[{"href":"http:\/\/www.elcapital.pe\/index.php?rest_route=\/wp\/v2\/types\/post"}],"author":[{"embeddable":true,"href":"http:\/\/www.elcapital.pe\/index.php?rest_route=\/wp\/v2\/users\/1"}],"replies":[{"embeddable":true,"href":"http:\/\/www.elcapital.pe\/index.php?rest_route=%2Fwp%2Fv2%2Fcomments&post=12620"}],"version-history":[{"count":1,"href":"http:\/\/www.elcapital.pe\/index.php?rest_route=\/wp\/v2\/posts\/12620\/revisions"}],"predecessor-version":[{"id":12622,"href":"http:\/\/www.elcapital.pe\/index.php?rest_route=\/wp\/v2\/posts\/12620\/revisions\/12622"}],"wp:featuredmedia":[{"embeddable":true,"href":"http:\/\/www.elcapital.pe\/index.php?rest_route=\/wp\/v2\/media\/12621"}],"wp:attachment":[{"href":"http:\/\/www.elcapital.pe\/index.php?rest_route=%2Fwp%2Fv2%2Fmedia&parent=12620"}],"wp:term":[{"taxonomy":"category","embeddable":true,"href":"http:\/\/www.elcapital.pe\/index.php?rest_route=%2Fwp%2Fv2%2Fcategories&post=12620"},{"taxonomy":"post_tag","embeddable":true,"href":"http:\/\/www.elcapital.pe\/index.php?rest_route=%2Fwp%2Fv2%2Ftags&post=12620"}],"curies":[{"name":"wp","href":"https:\/\/api.w.org\/{rel}","templated":true}]}}