{"id":12617,"date":"2026-03-02T21:54:01","date_gmt":"2026-03-03T02:54:01","guid":{"rendered":"https:\/\/www.elcapital.pe\/?p=12617"},"modified":"2026-03-02T21:54:01","modified_gmt":"2026-03-03T02:54:01","slug":"macron-anuncia-que-francia-ampliara-su-arsenal-nuclear","status":"publish","type":"post","link":"http:\/\/www.elcapital.pe\/?p=12617","title":{"rendered":"MACRON ANUNCIA QUE FRANCIA AMPLIARA SU ARSENAL NUCLEAR\u00a0"},"content":{"rendered":"\n<p>El presidente de Francia, Emmanuel Macron, anunci\u00f3 este lunes (02.03.2026) que orden\u00f3 incrementar el n\u00famero de ojivas nucleares del pa\u00eds y plante\u00f3 extender la disuasi\u00f3n nuclear francesa a sus socios europeos, aunque dej\u00f3 en claro que la decisi\u00f3n final sobre su eventual uso seguir\u00e1 siendo prerrogativa exclusiva del mandatario franc\u00e9s.<\/p>\n\n\n\n<p>El anuncio se realiz\u00f3 en la base de submarinos nucleares de L\u2019\u00cele Longue, en Breta\u00f1a, donde Macron advirti\u00f3 sobre un contexto internacional \u201cpeligroso e inestable\u201d y alert\u00f3 del riesgo de que los conflictos puedan \u201csuperar la barrera de lo nuclear\u201d.<\/p>\n\n\n\n<p>\u201cHe ordenado aumentar el n\u00famero de ojivas nucleares de nuestro arsenal\u201d, afirm\u00f3 el jefe de Estado, quien precis\u00f3 que Francia dejar\u00e1 de hacer p\u00fablico el n\u00famero exacto de cabezas nucleares como parte de su estrategia de disuasi\u00f3n.<\/p>\n\n\n\n<p>Asimismo, anunci\u00f3 la construcci\u00f3n de un nuevo submarino nuclear lanzamisiles, que llevar\u00e1 el nombre de El Invencible y ser\u00e1 botado en 2036.<\/p>\n\n\n\n<p>Disuasi\u00f3n extendida a Europa<\/p>\n\n\n\n<p>En un discurso con fuerte tono estrat\u00e9gico, Macron sostuvo que el arma nuclear constituye \u201cla base de la defensa francesa\u201d y asegur\u00f3 que no dudar\u00e1 en emplearla si los intereses vitales del pa\u00eds se ven amenazados.<\/p>\n\n\n\n<p>\u201cNuestros intereses vitales no se detienen en nuestras fronteras\u201d, subray\u00f3, al indicar que estos tambi\u00e9n abarcan al continente europeo.<\/p>\n\n\n\n<p>El mandatario se\u00f1al\u00f3 que pa\u00edses como Reino Unido, Alemania, Polonia, Pa\u00edses Bajos, B\u00e9lgica, Grecia, Suecia y Dinamarca ya colaboran con Francia en mecanismos de \u201cdisuasi\u00f3n avanzada\u201d, que incluyen sistemas de detecci\u00f3n y coordinaci\u00f3n estrat\u00e9gica. Tambi\u00e9n adelant\u00f3 que otros Estados podr\u00edan sumarse a ejercicios conjuntos.<\/p>\n\n\n\n<p>Macron afirm\u00f3 que esta arquitectura de defensa ser\u00e1 \u201ccompatible\u201d con la de la OTAN, en un contexto en el que varios pa\u00edses europeos han expresado crecientes dudas sobre la solidez del respaldo estadounidense.<\/p>\n\n\n\n<p>Actualmente, Francia y el Reino Unido son las \u00fanicas potencias nucleares de Europa Occidental, arsenales desarrollados durante la Guerra Fr\u00eda con el objetivo de mantener una capacidad de disuasi\u00f3n independiente de Estados Unidos.<\/p>\n","protected":false},"excerpt":{"rendered":"<p>El presidente de Francia, Emmanuel Macron, anunci\u00f3 este lunes (02.03.2026) que orden\u00f3 incrementar el n\u00famero de ojivas nucleares del pa\u00eds y plante\u00f3 extender la disuasi\u00f3n nuclear francesa a sus socios europeos, aunque dej\u00f3 en claro que la decisi\u00f3n final sobre su eventual uso seguir\u00e1 siendo prerrogativa exclusiva del mandatario franc\u00e9s. El anuncio se realiz\u00f3 en [&hellip;]<\/p>\n","protected":false},"author":1,"featured_media":12618,"comment_status":"open","ping_status":"open","sticky":false,"template":"","format":"standard","meta":{"footnotes":""},"categories":[2],"tags":[],"class_list":["post-12617","post","type-post","status-publish","format-standard","has-post-thumbnail","hentry","category-actualidad"],"_links":{"self":[{"href":"http:\/\/www.elcapital.pe\/index.php?rest_route=\/wp\/v2\/posts\/12617","targetHints":{"allow":["GET"]}}],"collection":[{"href":"http:\/\/www.elcapital.pe\/index.php?rest_route=\/wp\/v2\/posts"}],"about":[{"href":"http:\/\/www.elcapital.pe\/index.php?rest_route=\/wp\/v2\/types\/post"}],"author":[{"embeddable":true,"href":"http:\/\/www.elcapital.pe\/index.php?rest_route=\/wp\/v2\/users\/1"}],"replies":[{"embeddable":true,"href":"http:\/\/www.elcapital.pe\/index.php?rest_route=%2Fwp%2Fv2%2Fcomments&post=12617"}],"version-history":[{"count":1,"href":"http:\/\/www.elcapital.pe\/index.php?rest_route=\/wp\/v2\/posts\/12617\/revisions"}],"predecessor-version":[{"id":12619,"href":"http:\/\/www.elcapital.pe\/index.php?rest_route=\/wp\/v2\/posts\/12617\/revisions\/12619"}],"wp:featuredmedia":[{"embeddable":true,"href":"http:\/\/www.elcapital.pe\/index.php?rest_route=\/wp\/v2\/media\/12618"}],"wp:attachment":[{"href":"http:\/\/www.elcapital.pe\/index.php?rest_route=%2Fwp%2Fv2%2Fmedia&parent=12617"}],"wp:term":[{"taxonomy":"category","embeddable":true,"href":"http:\/\/www.elcapital.pe\/index.php?rest_route=%2Fwp%2Fv2%2Fcategories&post=12617"},{"taxonomy":"post_tag","embeddable":true,"href":"http:\/\/www.elcapital.pe\/index.php?rest_route=%2Fwp%2Fv2%2Ftags&post=12617"}],"curies":[{"name":"wp","href":"https:\/\/api.w.org\/{rel}","templated":true}]}}