{"id":12611,"date":"2026-03-02T21:37:39","date_gmt":"2026-03-03T02:37:39","guid":{"rendered":"https:\/\/www.elcapital.pe\/?p=12611"},"modified":"2026-03-02T21:37:39","modified_gmt":"2026-03-03T02:37:39","slug":"trump-no-descarta-una-guerra-prolongada-contra-iran","status":"publish","type":"post","link":"http:\/\/www.elcapital.pe\/?p=12611","title":{"rendered":"TRUMP NO DESCARTA UNA GUERRA PROLONGADA CONTRA IRAN\u00a0\u00a0"},"content":{"rendered":"\n<p>El presidente de Estados Unidos, Donald Trump, afirm\u00f3 este lunes (02.03.2026) que no descarta un conflicto prolongado contra Ir\u00e1n. Aunque estim\u00f3 que la guerra podr\u00eda extenderse entre \u201ccuatro y cinco semanas\u201d, advirti\u00f3 que su pa\u00eds est\u00e1 preparado para \u201cir mucho m\u00e1s all\u00e1\u201d si la situaci\u00f3n lo exige.<\/p>\n\n\n\n<p>Las declaraciones se producen en el tercer d\u00eda de enfrentamientos, en medio de una escalada que involucra a Estados Unidos e Israel, mientras Teher\u00e1n responde con ataques en el Golfo P\u00e9rsico.<\/p>\n\n\n\n<p>Ataque con drones a la embajada de EE.UU. en Riad<\/p>\n\n\n\n<p>El Ministerio de Defensa de Arabia Saudita confirm\u00f3 que la embajada estadounidense en Riad fue atacada con dos drones, lo que provoc\u00f3 un incendio menor y da\u00f1os materiales limitados en el edificio.<\/p>\n\n\n\n<p>Testigos citados por AFP reportaron humo sobre la sede diplom\u00e1tica. La embajada pidi\u00f3 a los ciudadanos estadounidenses en Riad, Yeda y Dhahran que extremen las medidas de seguridad.<\/p>\n\n\n\n<p>Escalada en el estrecho de Ormuz<\/p>\n\n\n\n<p>Los Guardia Revolucionaria Isl\u00e1mica reivindicaron un ataque contra un petrolero en el estrecho de Ormuz y lanzaron nuevas amenazas contra pa\u00edses del Golfo que albergan bases militares estadounidenses.<\/p>\n\n\n\n<p>El general iran\u00ed Ebrahim Yabari advirti\u00f3 que no permitir\u00e1n el paso de \u201cni una gota de petr\u00f3leo\u201d por esa v\u00eda estrat\u00e9gica, por donde transita cerca del 20% del crudo mundial. \u201cPrenderemos fuego a cualquier barco que intente cruzar\u201d, declar\u00f3 a la televisi\u00f3n estatal.<\/p>\n\n\n\n<p>Israel, por su parte, alert\u00f3 que se avecinan \u201cnumerosos d\u00edas\u201d de combates.<\/p>\n\n\n\n<p>Impacto en los mercados internacionales<\/p>\n\n\n\n<p>La intensificaci\u00f3n del conflicto sacudi\u00f3 los mercados globales. Los precios del petr\u00f3leo y el gas se dispararon, el d\u00f3lar se fortaleci\u00f3 y las bolsas europeas y asi\u00e1ticas registraron fuertes ca\u00eddas.<\/p>\n\n\n\n<p>Wall Street cerr\u00f3 con resultados mixtos, mostrando mayor resistencia frente al desplome observado en otras plazas financieras. Analistas se\u00f1alaron que los principales efectos econ\u00f3micos se concentran en el mercado energ\u00e9tico y en los bonos soberanos, mientras los inversionistas buscan activos refugio como el d\u00f3lar y el oro.<\/p>\n\n\n\n<p>EE.UU. detalla arsenal empleado en la ofensiva<\/p>\n\n\n\n<p>El Comando Central de Estados Unidos (Centcom) inform\u00f3 que en las primeras 48 horas de la operaci\u00f3n \u201cFuria \u00c9pica\u201d \u2014desarrollada en coordinaci\u00f3n con Israel\u2014 se utiliz\u00f3 parte del arsenal m\u00e1s avanzado del pa\u00eds.<\/p>\n\n\n\n<p>Entre los recursos desplegados figuran bombarderos estrat\u00e9gicos B-2, cazas F-35 y F-22, drones kamikaze LUCAS (empleados por primera vez en combate), sistemas de defensa Patriot y THAAD, as\u00ed como aviones de guerra electr\u00f3nica EA-18G.<\/p>\n\n\n\n<p>Sin embargo, el comando no precis\u00f3 el n\u00famero total de objetivos alcanzados ni confirm\u00f3 oficialmente la cifra de militares estadounidenses heridos. Hasta el momento, solo se ha informado sobre seis fallecidos.<\/p>\n\n\n\n<p>El conflicto contin\u00faa expandi\u00e9ndose en m\u00faltiples frentes, mientras crece la tensi\u00f3n en Medio Oriente y aumenta la incertidumbre sobre la duraci\u00f3n y el alcance de la guerra.<\/p>\n","protected":false},"excerpt":{"rendered":"<p>El presidente de Estados Unidos, Donald Trump, afirm\u00f3 este lunes (02.03.2026) que no descarta un conflicto prolongado contra Ir\u00e1n. Aunque estim\u00f3 que la guerra podr\u00eda extenderse entre \u201ccuatro y cinco semanas\u201d, advirti\u00f3 que su pa\u00eds est\u00e1 preparado para \u201cir mucho m\u00e1s all\u00e1\u201d si la situaci\u00f3n lo exige. Las declaraciones se producen en el tercer d\u00eda [&hellip;]<\/p>\n","protected":false},"author":1,"featured_media":12612,"comment_status":"open","ping_status":"open","sticky":false,"template":"","format":"standard","meta":{"footnotes":""},"categories":[2],"tags":[],"class_list":["post-12611","post","type-post","status-publish","format-standard","has-post-thumbnail","hentry","category-actualidad"],"_links":{"self":[{"href":"http:\/\/www.elcapital.pe\/index.php?rest_route=\/wp\/v2\/posts\/12611","targetHints":{"allow":["GET"]}}],"collection":[{"href":"http:\/\/www.elcapital.pe\/index.php?rest_route=\/wp\/v2\/posts"}],"about":[{"href":"http:\/\/www.elcapital.pe\/index.php?rest_route=\/wp\/v2\/types\/post"}],"author":[{"embeddable":true,"href":"http:\/\/www.elcapital.pe\/index.php?rest_route=\/wp\/v2\/users\/1"}],"replies":[{"embeddable":true,"href":"http:\/\/www.elcapital.pe\/index.php?rest_route=%2Fwp%2Fv2%2Fcomments&post=12611"}],"version-history":[{"count":1,"href":"http:\/\/www.elcapital.pe\/index.php?rest_route=\/wp\/v2\/posts\/12611\/revisions"}],"predecessor-version":[{"id":12613,"href":"http:\/\/www.elcapital.pe\/index.php?rest_route=\/wp\/v2\/posts\/12611\/revisions\/12613"}],"wp:featuredmedia":[{"embeddable":true,"href":"http:\/\/www.elcapital.pe\/index.php?rest_route=\/wp\/v2\/media\/12612"}],"wp:attachment":[{"href":"http:\/\/www.elcapital.pe\/index.php?rest_route=%2Fwp%2Fv2%2Fmedia&parent=12611"}],"wp:term":[{"taxonomy":"category","embeddable":true,"href":"http:\/\/www.elcapital.pe\/index.php?rest_route=%2Fwp%2Fv2%2Fcategories&post=12611"},{"taxonomy":"post_tag","embeddable":true,"href":"http:\/\/www.elcapital.pe\/index.php?rest_route=%2Fwp%2Fv2%2Ftags&post=12611"}],"curies":[{"name":"wp","href":"https:\/\/api.w.org\/{rel}","templated":true}]}}