{"id":12595,"date":"2026-03-02T20:40:00","date_gmt":"2026-03-03T01:40:00","guid":{"rendered":"https:\/\/www.elcapital.pe\/?p=12595"},"modified":"2026-03-02T22:09:58","modified_gmt":"2026-03-03T03:09:58","slug":"presidente-balcazar-abordo-con-transportistas-lucha-contra-las-organizaciones-criminales","status":"publish","type":"post","link":"http:\/\/www.elcapital.pe\/?p=12595","title":{"rendered":"PRESIDENTE BALCAZAR ABORDO CON TRANSPORTISTAS LUCHA CONTRA LAS ORGANIZACIONES CRIMINALES"},"content":{"rendered":"\n<p>El presidente de la rep\u00fablica, Jos\u00e9 Mar\u00eda Balc\u00e1zar, lider\u00f3 una reuni\u00f3n de trabajo con representantes de los distintos gremios de transporte para abordar de manera directa la lucha contra las organizaciones criminales que afectan a usuarios y empresarios del sector.<\/p>\n\n\n\n<p>\u00abDurante el encuentro, se detallaron las medidas que se vienen implementando para enfrentar estas organizaciones delictivas y garantizar un transporte p\u00fablico m\u00e1s seguro\u00bb, inform\u00f3 Presidencia de la Rep\u00fablica en sus redes sociales.<\/p>\n\n\n\n<p>El jefe de estado, reafirm\u00f3 que los esfuerzos de la Polic\u00eda Nacional en esta materia cuentan con respaldo firme y decisi\u00f3n pol\u00edtica.<\/p>\n\n\n\n<p>En la reuni\u00f3n particip\u00f3 tambi\u00e9n la presidenta del Consejo de Ministros, Denisse Miralles; el ministro del Interior, Hugo Begazo; el ministro de Transportes y Comunicaciones, Aldo Prieto; el viceministro de Transportes, Juan Haro Mu\u00f1oz.<\/p>\n\n\n\n<p>Tambi\u00e9n asistieron el Comandante General de la Polic\u00eda Nacional del Per\u00fa (PNP), \u00d3scar Arriola; el general de la PNP, V\u00edctor Revoredo, el presidente de la Autoridad de Transporte Urbano para Lima y Callao (ATU) David Hern\u00e1ndez,el comandante general de la Polic\u00eda Nacional, \u00d3scar Arriola.<\/p>\n\n\n\n<p>Previamente, el presidente Balc\u00e1zar sostuvo reuni\u00f3n con embajador de EE.UU., Bernie Navarro, ocasi\u00f3n en la que se reafirm\u00f3 la voluntad de seguir estrechando la asociaci\u00f3n estrat\u00e9gica entre ambos pa\u00edses, con especial \u00e9nfasis en materia de seguridad, defensa y&nbsp; promoci\u00f3n de inversiones estrat\u00e9gicas.<\/p>\n","protected":false},"excerpt":{"rendered":"<p>El presidente de la rep\u00fablica, Jos\u00e9 Mar\u00eda Balc\u00e1zar, lider\u00f3 una reuni\u00f3n de trabajo con representantes de los distintos gremios de transporte para abordar de manera directa la lucha contra las organizaciones criminales que afectan a usuarios y empresarios del sector. \u00abDurante el encuentro, se detallaron las medidas que se vienen implementando para enfrentar estas organizaciones [&hellip;]<\/p>\n","protected":false},"author":1,"featured_media":12623,"comment_status":"open","ping_status":"open","sticky":false,"template":"","format":"standard","meta":{"footnotes":""},"categories":[2],"tags":[],"class_list":["post-12595","post","type-post","status-publish","format-standard","has-post-thumbnail","hentry","category-actualidad"],"_links":{"self":[{"href":"http:\/\/www.elcapital.pe\/index.php?rest_route=\/wp\/v2\/posts\/12595","targetHints":{"allow":["GET"]}}],"collection":[{"href":"http:\/\/www.elcapital.pe\/index.php?rest_route=\/wp\/v2\/posts"}],"about":[{"href":"http:\/\/www.elcapital.pe\/index.php?rest_route=\/wp\/v2\/types\/post"}],"author":[{"embeddable":true,"href":"http:\/\/www.elcapital.pe\/index.php?rest_route=\/wp\/v2\/users\/1"}],"replies":[{"embeddable":true,"href":"http:\/\/www.elcapital.pe\/index.php?rest_route=%2Fwp%2Fv2%2Fcomments&post=12595"}],"version-history":[{"count":1,"href":"http:\/\/www.elcapital.pe\/index.php?rest_route=\/wp\/v2\/posts\/12595\/revisions"}],"predecessor-version":[{"id":12597,"href":"http:\/\/www.elcapital.pe\/index.php?rest_route=\/wp\/v2\/posts\/12595\/revisions\/12597"}],"wp:featuredmedia":[{"embeddable":true,"href":"http:\/\/www.elcapital.pe\/index.php?rest_route=\/wp\/v2\/media\/12623"}],"wp:attachment":[{"href":"http:\/\/www.elcapital.pe\/index.php?rest_route=%2Fwp%2Fv2%2Fmedia&parent=12595"}],"wp:term":[{"taxonomy":"category","embeddable":true,"href":"http:\/\/www.elcapital.pe\/index.php?rest_route=%2Fwp%2Fv2%2Fcategories&post=12595"},{"taxonomy":"post_tag","embeddable":true,"href":"http:\/\/www.elcapital.pe\/index.php?rest_route=%2Fwp%2Fv2%2Ftags&post=12595"}],"curies":[{"name":"wp","href":"https:\/\/api.w.org\/{rel}","templated":true}]}}