{"id":12550,"date":"2026-02-27T21:41:35","date_gmt":"2026-02-28T02:41:35","guid":{"rendered":"https:\/\/www.elcapital.pe\/?p=12550"},"modified":"2026-02-27T21:41:35","modified_gmt":"2026-02-28T02:41:35","slug":"otono-e-invierno-romperan-esquemas-en-peru-preven-temperaturas-inusuales-hasta-setiembre-de-2026","status":"publish","type":"post","link":"http:\/\/www.elcapital.pe\/?p=12550","title":{"rendered":"OTO\u00d1O E INVIERNO ROMPERAN ESQUEMAS EN PERU: PREVEN TEMPERATURAS INUSUALES HASTA SETIEMBRE DE 2026\u00a0\u00a0"},"content":{"rendered":"\n<p>Las estaciones m\u00e1s fr\u00edas del a\u00f1o tendr\u00e1n un comportamiento at\u00edpico en Lima y gran parte del pa\u00eds. Se anticipan temperaturas por encima de lo habitual, lluvias intensas y una nueva normalidad t\u00e9rmica que marcar\u00e1 el calendario clim\u00e1tico nacional hasta septiembre de 2026.<\/p>\n\n\n\n<p>El Servicio Nacional de Meteorolog\u00eda e Hidrolog\u00eda del Per\u00fa (Senamhi) proyecta un oto\u00f1o e invierno m\u00e1s c\u00e1lidos de lo normal como consecuencia del avance del Fen\u00f3meno El Ni\u00f1o. La directora de Meteorolog\u00eda de la entidad, Grinia \u00c1valos, explic\u00f3 que este evento no solo est\u00e1 asociado a precipitaciones, sino tambi\u00e9n al incremento sostenido de la temperatura del aire en la capital y otras regiones.<\/p>\n\n\n\n<p>Seg\u00fan estimaciones oficiales, durante el oto\u00f1o Lima suele registrar temperaturas promedio de entre 23 \u00b0C y 24 \u00b0C. Sin embargo, este a\u00f1o los valores podr\u00edan alcanzar los 26 \u00b0C. \u00c1valos precis\u00f3 que el calentamiento del mar no se revierte de manera inmediata: \u201cLas aguas no se enfr\u00edan de forma s\u00fabita; as\u00ed como el calentamiento es progresivo, el enfriamiento tambi\u00e9n es lento\u201d. Esto explica la previsi\u00f3n de condiciones c\u00e1lidas prolongadas durante los pr\u00f3ximos meses.<\/p>\n\n\n\n<p>El Senamhi indic\u00f3 que el actual Fen\u00f3meno El Ni\u00f1o se encuentra en fase inicial y ha sido clasificado como d\u00e9bil. No obstante, el Estudio Nacional del Fen\u00f3meno El Ni\u00f1o (ENFEN) estima que podr\u00eda alcanzar una intensidad moderada antes de julio. De concretarse este escenario, persistir\u00edan las lluvias y el aumento t\u00e9rmico, especialmente en la franja costera.<\/p>\n\n\n\n<p>Como referencia hist\u00f3rica, durante el evento de 1998 Lima super\u00f3 los 35 \u00b0C. En d\u00edas recientes, el distrito de La Molina alcanz\u00f3 los 34,5 \u00b0C, lo que confirma la tendencia de calor intenso. Se prev\u00e9 que la actual ola de calor contin\u00fae por algunos d\u00edas, seguida de un ligero descenso temporal, antes de un nuevo episodio de altas temperaturas en marzo.<\/p>\n\n\n\n<p>Lluvias en la capital y el norte<\/p>\n\n\n\n<p>El pron\u00f3stico del Senamhi tambi\u00e9n contempla un nuevo periodo de precipitaciones en la costa. El aviso vigente para Lima culmina el 28 de febrero, pero desde el 4 de marzo se iniciar\u00e1 una nueva fase de lluvias que avanzar\u00e1 de sur a norte.<\/p>\n\n\n\n<p>Entre el 4 y el 8 de marzo, las precipitaciones afectar\u00edan a Arequipa y Lima; posteriormente, alrededor del 9 o 10 de marzo, alcanzar\u00edan Tumbes y Piura. Este comportamiento est\u00e1 vinculado a la llegada de ondas Kelvin c\u00e1lidas.<\/p>\n\n\n\n<p>Marzo es hist\u00f3ricamente el mes m\u00e1s lluvioso para Lima y el norte del pa\u00eds, donde la incidencia de huaicos suele incrementarse. \u201cSiempre marzo es un mes clave para Lima porque hist\u00f3ricamente es cuando se han presentado los mayores huaicos\u201d, advirti\u00f3 \u00c1valos en declaraciones a RPP.<\/p>\n\n\n\n<p>La presencia de una masa de agua c\u00e1lida frente al litoral \u2014desde Tumbes hasta Lima\u2014 eleva el potencial de lluvias y la probabilidad de eventos extremos. En distritos como Lurigancho-Chosica, el mantenimiento preventivo de quebradas y estructuras de contenci\u00f3n ayud\u00f3 a reducir el impacto de las precipitaciones recientes. \u201cEl mantenimiento de quebradas act\u00faa como un verdadero salvavidas\u201d, subray\u00f3 la especialista.<\/p>\n\n\n\n<p>Ante este escenario, Senamhi recomienda evitar la exposici\u00f3n prolongada al sol durante las horas de mayor radiaci\u00f3n, mantener una adecuada hidrataci\u00f3n y extremar cuidados con ni\u00f1os, adultos mayores y personas vulnerables. Las temperaturas cercanas a los 30 \u00b0C comienzan a consolidarse como parte de la nueva realidad clim\u00e1tica en Lima, en un contexto marcado tambi\u00e9n por los efectos del cambio clim\u00e1tico.<\/p>\n\n\n\n<p>Dentro de este contexto, la especialista recomend\u00f3 a la poblaci\u00f3n evitar la exposici\u00f3n al sol en las horas de mayor radiaci\u00f3n, hidratarse adecuadamente y proteger a grupos vulnerables, especialmente frente a la nueva normalidad t\u00e9rmica de Lima, donde las temperaturas cercanas a los 30 \u00b0C (86 \u00b0F) se consolidan como parte del panorama actual, una situaci\u00f3n ligada al cambio clim\u00e1tico.<\/p>\n","protected":false},"excerpt":{"rendered":"<p>Las estaciones m\u00e1s fr\u00edas del a\u00f1o tendr\u00e1n un comportamiento at\u00edpico en Lima y gran parte del pa\u00eds. Se anticipan temperaturas por encima de lo habitual, lluvias intensas y una nueva normalidad t\u00e9rmica que marcar\u00e1 el calendario clim\u00e1tico nacional hasta septiembre de 2026. El Servicio Nacional de Meteorolog\u00eda e Hidrolog\u00eda del Per\u00fa (Senamhi) proyecta un oto\u00f1o [&hellip;]<\/p>\n","protected":false},"author":1,"featured_media":12551,"comment_status":"open","ping_status":"open","sticky":false,"template":"","format":"standard","meta":{"footnotes":""},"categories":[2],"tags":[],"class_list":["post-12550","post","type-post","status-publish","format-standard","has-post-thumbnail","hentry","category-actualidad"],"_links":{"self":[{"href":"http:\/\/www.elcapital.pe\/index.php?rest_route=\/wp\/v2\/posts\/12550","targetHints":{"allow":["GET"]}}],"collection":[{"href":"http:\/\/www.elcapital.pe\/index.php?rest_route=\/wp\/v2\/posts"}],"about":[{"href":"http:\/\/www.elcapital.pe\/index.php?rest_route=\/wp\/v2\/types\/post"}],"author":[{"embeddable":true,"href":"http:\/\/www.elcapital.pe\/index.php?rest_route=\/wp\/v2\/users\/1"}],"replies":[{"embeddable":true,"href":"http:\/\/www.elcapital.pe\/index.php?rest_route=%2Fwp%2Fv2%2Fcomments&post=12550"}],"version-history":[{"count":1,"href":"http:\/\/www.elcapital.pe\/index.php?rest_route=\/wp\/v2\/posts\/12550\/revisions"}],"predecessor-version":[{"id":12552,"href":"http:\/\/www.elcapital.pe\/index.php?rest_route=\/wp\/v2\/posts\/12550\/revisions\/12552"}],"wp:featuredmedia":[{"embeddable":true,"href":"http:\/\/www.elcapital.pe\/index.php?rest_route=\/wp\/v2\/media\/12551"}],"wp:attachment":[{"href":"http:\/\/www.elcapital.pe\/index.php?rest_route=%2Fwp%2Fv2%2Fmedia&parent=12550"}],"wp:term":[{"taxonomy":"category","embeddable":true,"href":"http:\/\/www.elcapital.pe\/index.php?rest_route=%2Fwp%2Fv2%2Fcategories&post=12550"},{"taxonomy":"post_tag","embeddable":true,"href":"http:\/\/www.elcapital.pe\/index.php?rest_route=%2Fwp%2Fv2%2Ftags&post=12550"}],"curies":[{"name":"wp","href":"https:\/\/api.w.org\/{rel}","templated":true}]}}