{"id":12528,"date":"2026-02-26T21:07:59","date_gmt":"2026-02-27T02:07:59","guid":{"rendered":"https:\/\/www.elcapital.pe\/?p=12528"},"modified":"2026-02-26T21:07:59","modified_gmt":"2026-02-27T02:07:59","slug":"desaparece-candidato-opositor-al-congreso-de-colombia-otra-aspirante-fue-liberada","status":"publish","type":"post","link":"http:\/\/www.elcapital.pe\/?p=12528","title":{"rendered":"DESAPARECE CANDIDATO OPOSITOR AL CONGRESO DE COLOMBIA; OTRA ASPIRANTE FUE LIBERADA\u00a0\u00a0\u00a0"},"content":{"rendered":"\n<p>Un candidato al Congreso de Colombia permanece desaparecido y otra aspirante fue liberada tras casi 24 horas de presunta retenci\u00f3n, en medio de un clima de violencia pol\u00edtica previo a las elecciones legislativas del 8 de marzo, informaron autoridades este jueves (26.02.2026).<\/p>\n\n\n\n<p>Se trata de Andr\u00e9s V\u00e1squez, aspirante al Senado por un partido de derecha, y de Anita Guet\u00edo, candidata ind\u00edgena a la C\u00e1mara de Representantes.<\/p>\n\n\n\n<p>V\u00e1squez desapareci\u00f3 la ma\u00f1ana del mi\u00e9rcoles cuando sal\u00eda de la vivienda de su padre en Pelaya, en el departamento del Cesar, seg\u00fan relat\u00f3 su esposa. Horas despu\u00e9s, familiares hallaron su veh\u00edculo abandonado.<\/p>\n\n\n\n<p>En tanto, Guet\u00edo reapareci\u00f3 el jueves \u201csana y salva\u201d, luego de perder contacto mientras se desplazaba con su equipo por una carretera del departamento del Cauca, zona donde operan grupos armados ilegales.<\/p>\n\n\n\n<p>\u201cEst\u00e1 ilesa, pero estos hechos no deber\u00edan suceder\u201d, declar\u00f3 el procurador general, Gregorio Eljach.<\/p>\n\n\n\n<p>Los incidentes ocurren en un contexto de deterioro de la seguridad, considerado el m\u00e1s complejo de la \u00faltima d\u00e9cada, y a pocos d\u00edas de los comicios legislativos. Adem\u00e1s, el pa\u00eds se prepara para las elecciones presidenciales del 31 de mayo, en las que se elegir\u00e1 al sucesor de Gustavo Petro.<\/p>\n\n\n\n<p>Estos casos se suman a otros ataques y amenazas contra dirigentes pol\u00edticos en Colombia, donde contin\u00faan operando estructuras armadas pese al acuerdo de paz firmado en 2016 con la exguerrilla de las FARC.<\/p>\n","protected":false},"excerpt":{"rendered":"<p>Un candidato al Congreso de Colombia permanece desaparecido y otra aspirante fue liberada tras casi 24 horas de presunta retenci\u00f3n, en medio de un clima de violencia pol\u00edtica previo a las elecciones legislativas del 8 de marzo, informaron autoridades este jueves (26.02.2026). Se trata de Andr\u00e9s V\u00e1squez, aspirante al Senado por un partido de derecha, [&hellip;]<\/p>\n","protected":false},"author":1,"featured_media":12529,"comment_status":"open","ping_status":"open","sticky":false,"template":"","format":"standard","meta":{"footnotes":""},"categories":[2],"tags":[],"class_list":["post-12528","post","type-post","status-publish","format-standard","has-post-thumbnail","hentry","category-actualidad"],"_links":{"self":[{"href":"http:\/\/www.elcapital.pe\/index.php?rest_route=\/wp\/v2\/posts\/12528","targetHints":{"allow":["GET"]}}],"collection":[{"href":"http:\/\/www.elcapital.pe\/index.php?rest_route=\/wp\/v2\/posts"}],"about":[{"href":"http:\/\/www.elcapital.pe\/index.php?rest_route=\/wp\/v2\/types\/post"}],"author":[{"embeddable":true,"href":"http:\/\/www.elcapital.pe\/index.php?rest_route=\/wp\/v2\/users\/1"}],"replies":[{"embeddable":true,"href":"http:\/\/www.elcapital.pe\/index.php?rest_route=%2Fwp%2Fv2%2Fcomments&post=12528"}],"version-history":[{"count":1,"href":"http:\/\/www.elcapital.pe\/index.php?rest_route=\/wp\/v2\/posts\/12528\/revisions"}],"predecessor-version":[{"id":12530,"href":"http:\/\/www.elcapital.pe\/index.php?rest_route=\/wp\/v2\/posts\/12528\/revisions\/12530"}],"wp:featuredmedia":[{"embeddable":true,"href":"http:\/\/www.elcapital.pe\/index.php?rest_route=\/wp\/v2\/media\/12529"}],"wp:attachment":[{"href":"http:\/\/www.elcapital.pe\/index.php?rest_route=%2Fwp%2Fv2%2Fmedia&parent=12528"}],"wp:term":[{"taxonomy":"category","embeddable":true,"href":"http:\/\/www.elcapital.pe\/index.php?rest_route=%2Fwp%2Fv2%2Fcategories&post=12528"},{"taxonomy":"post_tag","embeddable":true,"href":"http:\/\/www.elcapital.pe\/index.php?rest_route=%2Fwp%2Fv2%2Ftags&post=12528"}],"curies":[{"name":"wp","href":"https:\/\/api.w.org\/{rel}","templated":true}]}}