{"id":12522,"date":"2026-02-26T20:36:02","date_gmt":"2026-02-27T01:36:02","guid":{"rendered":"https:\/\/www.elcapital.pe\/?p=12522"},"modified":"2026-02-26T20:36:02","modified_gmt":"2026-02-27T01:36:02","slug":"inicio-del-ano-escolar-2026-en-suspenso-arequipa-posterga-el-regreso-a-clases-por-lluvias","status":"publish","type":"post","link":"http:\/\/www.elcapital.pe\/?p=12522","title":{"rendered":"INICIO DEL A\u00d1O ESCOLAR 2026 EN SUSPENSO: AREQUIPA POSTERGA EL REGRESO A CLASES POR LLUVIAS\u00a0"},"content":{"rendered":"\n<p>El inicio del a\u00f1o escolar 2026 enfrenta su primera postergaci\u00f3n debido a la emergencia clim\u00e1tica que afecta a varias regiones del pa\u00eds.<\/p>\n\n\n\n<p>El Ministerio de Educaci\u00f3n (Minedu) fij\u00f3 el comienzo de clases en colegios p\u00fablicos para el lunes 16 de marzo, mientras que las instituciones privadas tienen flexibilidad para ajustar su calendario. Sin embargo, las intensas lluvias, huaicos y desbordes han generado riesgos en diversas zonas vulnerables.<\/p>\n\n\n\n<p>El Servicio Nacional de Meteorolog\u00eda e Hidrolog\u00eda (Senamhi) advirti\u00f3 sobre la continuidad de las precipitaciones, lo que incrementa la posibilidad de deslizamientos y da\u00f1os en v\u00edas de acceso. En varios distritos se reportan filtraciones en aulas, interrupci\u00f3n de servicios b\u00e1sicos y carreteras afectadas, complicando el traslado de estudiantes y docentes.<\/p>\n\n\n\n<p>Arequipa suspende el inicio de clases<\/p>\n\n\n\n<p>En Arequipa, el Gobierno Regional dispuso la postergaci\u00f3n por una semana del inicio de clases en colegios p\u00fablicos y privados, tras declararse el estado de emergencia en varios distritos.<\/p>\n\n\n\n<p>La medida, sustentada en informes t\u00e9cnicos y evaluaciones de Defensa Civil, busca proteger la integridad de estudiantes, docentes y personal administrativo. Las autoridades no descartan ampliar la suspensi\u00f3n si las condiciones clim\u00e1ticas persisten.<\/p>\n\n\n\n<p>Mientras tanto, padres de familia y comunidades educativas permanecen atentos a nuevos comunicados oficiales, en un inicio de a\u00f1o escolar marcado por la incertidumbre y la prioridad de garantizar condiciones seguras para m\u00e1s de 6 millones de escolares en todo el pa\u00eds.<\/p>\n","protected":false},"excerpt":{"rendered":"<p>El inicio del a\u00f1o escolar 2026 enfrenta su primera postergaci\u00f3n debido a la emergencia clim\u00e1tica que afecta a varias regiones del pa\u00eds. El Ministerio de Educaci\u00f3n (Minedu) fij\u00f3 el comienzo de clases en colegios p\u00fablicos para el lunes 16 de marzo, mientras que las instituciones privadas tienen flexibilidad para ajustar su calendario. Sin embargo, las [&hellip;]<\/p>\n","protected":false},"author":1,"featured_media":12523,"comment_status":"open","ping_status":"open","sticky":false,"template":"","format":"standard","meta":{"footnotes":""},"categories":[2],"tags":[],"class_list":["post-12522","post","type-post","status-publish","format-standard","has-post-thumbnail","hentry","category-actualidad"],"_links":{"self":[{"href":"http:\/\/www.elcapital.pe\/index.php?rest_route=\/wp\/v2\/posts\/12522","targetHints":{"allow":["GET"]}}],"collection":[{"href":"http:\/\/www.elcapital.pe\/index.php?rest_route=\/wp\/v2\/posts"}],"about":[{"href":"http:\/\/www.elcapital.pe\/index.php?rest_route=\/wp\/v2\/types\/post"}],"author":[{"embeddable":true,"href":"http:\/\/www.elcapital.pe\/index.php?rest_route=\/wp\/v2\/users\/1"}],"replies":[{"embeddable":true,"href":"http:\/\/www.elcapital.pe\/index.php?rest_route=%2Fwp%2Fv2%2Fcomments&post=12522"}],"version-history":[{"count":1,"href":"http:\/\/www.elcapital.pe\/index.php?rest_route=\/wp\/v2\/posts\/12522\/revisions"}],"predecessor-version":[{"id":12524,"href":"http:\/\/www.elcapital.pe\/index.php?rest_route=\/wp\/v2\/posts\/12522\/revisions\/12524"}],"wp:featuredmedia":[{"embeddable":true,"href":"http:\/\/www.elcapital.pe\/index.php?rest_route=\/wp\/v2\/media\/12523"}],"wp:attachment":[{"href":"http:\/\/www.elcapital.pe\/index.php?rest_route=%2Fwp%2Fv2%2Fmedia&parent=12522"}],"wp:term":[{"taxonomy":"category","embeddable":true,"href":"http:\/\/www.elcapital.pe\/index.php?rest_route=%2Fwp%2Fv2%2Fcategories&post=12522"},{"taxonomy":"post_tag","embeddable":true,"href":"http:\/\/www.elcapital.pe\/index.php?rest_route=%2Fwp%2Fv2%2Ftags&post=12522"}],"curies":[{"name":"wp","href":"https:\/\/api.w.org\/{rel}","templated":true}]}}