{"id":12519,"date":"2026-02-26T20:19:34","date_gmt":"2026-02-27T01:19:34","guid":{"rendered":"https:\/\/www.elcapital.pe\/?p=12519"},"modified":"2026-02-26T20:19:34","modified_gmt":"2026-02-27T01:19:34","slug":"rafael-lopez-aliaga-cae-a-10-en-intencion-de-voto-tras-eleccion-de-jose-balcazar-keiko-fujimori-acorta-distancia","status":"publish","type":"post","link":"http:\/\/www.elcapital.pe\/?p=12519","title":{"rendered":"RAFAEL LOPEZ ALIAGA CAE A 10% EN INTENCION DE VOTO TRAS ELECCION DE JOSE BALCAZAR; KEIKO FUJIMORI ACORTA DISTANCIA\u00a0"},"content":{"rendered":"\n<p>Aunque se mantiene en el primer lugar, el l\u00edder de Renovaci\u00f3n Popular reduce su ventaja frente a la lideresa de Fuerza Popular, quien se ubica a solo un punto porcentual.<\/p>\n\n\n\n<p>La elecci\u00f3n del congresista Jos\u00e9 Mar\u00eda Balc\u00e1zar como presidente de la Mesa Directiva y sucesor de Jos\u00e9 Jer\u00ed en la encargatura de la Presidencia coincidi\u00f3 con una ca\u00edda en la intenci\u00f3n de voto del candidato de Renovaci\u00f3n Popular, Rafael L\u00f3pez Aliaga.<\/p>\n\n\n\n<p>El exalcalde fue cuestionado por el presunto respaldo de su bancada a la lista encabezada por Balc\u00e1zar durante la votaci\u00f3n del 18 de febrero, as\u00ed como por su participaci\u00f3n en el bloque que promovi\u00f3 la salida de Jer\u00ed.<\/p>\n\n\n\n<p>Seg\u00fan la m\u00e1s reciente encuesta de Ipsos para Per\u00fa 21, L\u00f3pez Aliaga obtiene ahora 10% de intenci\u00f3n de voto, dos puntos menos que en la medici\u00f3n anterior (12%).<\/p>\n\n\n\n<p>Pese a liderar el sondeo, su ventaja es m\u00ednima. Keiko Fujimori alcanza el 9%, acortando la distancia a solo un punto porcentual. M\u00e1s atr\u00e1s figuran Alfonso L\u00f3pez Chau y C\u00e9sar Acu\u00f1a, ambos con 4%, seguidos por un grupo de candidatos que oscilan entre 2% y 3%.<\/p>\n\n\n\n<p>El trabajo de campo, realizado el 19 y 20 de febrero, casi inmediatamente despu\u00e9s de la juramentaci\u00f3n de Balc\u00e1zar, tambi\u00e9n muestra otros movimientos: Mario Vizcarra desciende del cuarto al und\u00e9cimo lugar con 2%; Jos\u00e9 Williams (Avanza Pa\u00eds) sube al s\u00e9ptimo puesto con 3%; y Enrique Valderrama aparece con 2%, dejando el rubro \u201cOtros\u201d.<\/p>\n\n\n\n<p>El estudio revela, adem\u00e1s, un alto nivel de desapego pol\u00edtico de cara a las Elecciones Generales del 12 de abril: 28% afirma que votar\u00eda en blanco, viciado o por ninguno, y 14% no precisa su intenci\u00f3n de voto. En conjunto, m\u00e1s del 40% del electorado a\u00fan no opta por una candidatura definida.<\/p>\n\n\n\n<p>Cuestionamientos a Renovaci\u00f3n Popular<\/p>\n\n\n\n<p>La ca\u00edda de L\u00f3pez Aliaga se produce en medio de controversias parlamentarias que han colocado a Renovaci\u00f3n Popular en el centro del debate pol\u00edtico.<\/p>\n\n\n\n<p>Uno de los factores habr\u00eda sido el respaldo de su bancada a la moci\u00f3n de censura contra Jer\u00ed. La decisi\u00f3n gener\u00f3 cr\u00edticas, especialmente porque en enero una encuesta de Ipsos se\u00f1alaba que 62% de los peruanos consideraba que Jer\u00ed deb\u00eda permanecer en el cargo hasta el final de su mandato.<\/p>\n\n\n\n<p>En contraste, la bancada de Fuerza Popular, que se opuso a la salida de Jer\u00ed y alert\u00f3 sobre la posibilidad de que su reemplazo proviniera de la izquierda radical, pas\u00f3 de 8% a 9% en intenci\u00f3n de voto, lo que algunos analistas interpretan como un posible traslado de apoyo.<\/p>\n\n\n\n<p>Tambi\u00e9n gener\u00f3 pol\u00e9mica el presunto respaldo de congresistas de Renovaci\u00f3n Popular a la elecci\u00f3n de Balc\u00e1zar, legislador vinculado a Per\u00fa Libre, partido fundado por Vladimir Cerr\u00f3n. Desde Fuerza Popular y Alianza para el Progreso se formularon cr\u00edticas en ese sentido, mientras que Renovaci\u00f3n Popular neg\u00f3 cualquier acuerdo con ese sector.<\/p>\n\n\n\n<p>A ello se sum\u00f3 la controversia que involucr\u00f3 a la congresista Milagros Aguayo por la difusi\u00f3n de im\u00e1genes relacionadas con casos de violencia sexual y embarazo adolescente, lo que gener\u00f3 cuestionamientos p\u00fablicos. L\u00f3pez Aliaga marc\u00f3 distancia del episodio.<\/p>\n\n\n\n<p>Meses antes, otro debate surgi\u00f3 por la incorporaci\u00f3n de Norma Yarrow como candidata a la vicepresidencia, debido a sus antecedentes en iniciativas vinculadas a la comunidad LGTBI, tema que gener\u00f3 incomodidad en sectores conservadores del electorado.<\/p>\n\n\n\n<p>Pese a este escenario, L\u00f3pez Aliaga mantiene n\u00facleos de respaldo importantes, especialmente en el sur del pa\u00eds, donde alcanza 10% de intenci\u00f3n de voto.<\/p>\n","protected":false},"excerpt":{"rendered":"<p>Aunque se mantiene en el primer lugar, el l\u00edder de Renovaci\u00f3n Popular reduce su ventaja frente a la lideresa de Fuerza Popular, quien se ubica a solo un punto porcentual. La elecci\u00f3n del congresista Jos\u00e9 Mar\u00eda Balc\u00e1zar como presidente de la Mesa Directiva y sucesor de Jos\u00e9 Jer\u00ed en la encargatura de la Presidencia coincidi\u00f3 [&hellip;]<\/p>\n","protected":false},"author":1,"featured_media":12520,"comment_status":"open","ping_status":"open","sticky":false,"template":"","format":"standard","meta":{"footnotes":""},"categories":[2],"tags":[],"class_list":["post-12519","post","type-post","status-publish","format-standard","has-post-thumbnail","hentry","category-actualidad"],"_links":{"self":[{"href":"http:\/\/www.elcapital.pe\/index.php?rest_route=\/wp\/v2\/posts\/12519","targetHints":{"allow":["GET"]}}],"collection":[{"href":"http:\/\/www.elcapital.pe\/index.php?rest_route=\/wp\/v2\/posts"}],"about":[{"href":"http:\/\/www.elcapital.pe\/index.php?rest_route=\/wp\/v2\/types\/post"}],"author":[{"embeddable":true,"href":"http:\/\/www.elcapital.pe\/index.php?rest_route=\/wp\/v2\/users\/1"}],"replies":[{"embeddable":true,"href":"http:\/\/www.elcapital.pe\/index.php?rest_route=%2Fwp%2Fv2%2Fcomments&post=12519"}],"version-history":[{"count":1,"href":"http:\/\/www.elcapital.pe\/index.php?rest_route=\/wp\/v2\/posts\/12519\/revisions"}],"predecessor-version":[{"id":12521,"href":"http:\/\/www.elcapital.pe\/index.php?rest_route=\/wp\/v2\/posts\/12519\/revisions\/12521"}],"wp:featuredmedia":[{"embeddable":true,"href":"http:\/\/www.elcapital.pe\/index.php?rest_route=\/wp\/v2\/media\/12520"}],"wp:attachment":[{"href":"http:\/\/www.elcapital.pe\/index.php?rest_route=%2Fwp%2Fv2%2Fmedia&parent=12519"}],"wp:term":[{"taxonomy":"category","embeddable":true,"href":"http:\/\/www.elcapital.pe\/index.php?rest_route=%2Fwp%2Fv2%2Fcategories&post=12519"},{"taxonomy":"post_tag","embeddable":true,"href":"http:\/\/www.elcapital.pe\/index.php?rest_route=%2Fwp%2Fv2%2Ftags&post=12519"}],"curies":[{"name":"wp","href":"https:\/\/api.w.org\/{rel}","templated":true}]}}