{"id":12516,"date":"2026-02-25T21:29:30","date_gmt":"2026-02-26T02:29:30","guid":{"rendered":"https:\/\/www.elcapital.pe\/?p=12516"},"modified":"2026-02-25T21:29:30","modified_gmt":"2026-02-26T02:29:30","slug":"rubio-venezuela-necesita-comicios-justos-y-democraticos","status":"publish","type":"post","link":"http:\/\/www.elcapital.pe\/?p=12516","title":{"rendered":"RUBIO: VENEZUELA NECESITA COMICIOS \u201cJUSTOS\u201d Y \u201cDEMOCRATICOS\u201d\u00a0"},"content":{"rendered":"\n<p>El secretario de Estado de Estados Unidos, Marco Rubio, afirm\u00f3 este mi\u00e9rcoles que Venezuela requerir\u00e1 elecciones libres y democr\u00e1ticas para avanzar tras la captura del expresidente Nicol\u00e1s Maduro. La declaraci\u00f3n la hizo en una cumbre de l\u00edderes de la Comunidad del Caribe en San Crist\u00f3bal y Nieves, sin fijar un plazo espec\u00edfico para los comicios.<\/p>\n\n\n\n<p>Rubio sostuvo que para que Venezuela d\u00e9 \u201cel siguiente paso hacia el verdadero desarrollo\u201d y que sus ciudadanos se beneficien de sus recursos, ser\u00e1 indispensable la legitimidad de elecciones justas y democr\u00e1ticas. Sin embargo, record\u00f3 que la prioridad inmediata tras la operaci\u00f3n que sac\u00f3 del poder a Maduro fue asegurar estabilidad, evitar violencia y prevenir una migraci\u00f3n masiva, objetivos que, seg\u00fan dijo, \u201cse han logrado\u201d.<\/p>\n\n\n\n<p>El jefe de la diplomacia estadounidense reconoci\u00f3 inquietudes de algunos mandatarios caribe\u00f1os sobre la captura de Maduro, pero destac\u00f3 lo que consider\u00f3 avances en el pa\u00eds, incluyendo la liberaci\u00f3n de presos pol\u00edticos tras esos acontecimientos.<\/p>\n\n\n\n<p>Rubio tambi\u00e9n afirm\u00f3 que, si bien a\u00fan queda mucho por hacer, la situaci\u00f3n en Venezuela ha mejorado en las \u00faltimas semanas, aunque subray\u00f3 que no habr\u00e1 reformas democr\u00e1ticas sin un proceso electoral aut\u00e9ntico.<\/p>\n","protected":false},"excerpt":{"rendered":"<p>El secretario de Estado de Estados Unidos, Marco Rubio, afirm\u00f3 este mi\u00e9rcoles que Venezuela requerir\u00e1 elecciones libres y democr\u00e1ticas para avanzar tras la captura del expresidente Nicol\u00e1s Maduro. La declaraci\u00f3n la hizo en una cumbre de l\u00edderes de la Comunidad del Caribe en San Crist\u00f3bal y Nieves, sin fijar un plazo espec\u00edfico para los comicios. [&hellip;]<\/p>\n","protected":false},"author":1,"featured_media":12517,"comment_status":"open","ping_status":"open","sticky":false,"template":"","format":"standard","meta":{"footnotes":""},"categories":[2],"tags":[],"class_list":["post-12516","post","type-post","status-publish","format-standard","has-post-thumbnail","hentry","category-actualidad"],"_links":{"self":[{"href":"http:\/\/www.elcapital.pe\/index.php?rest_route=\/wp\/v2\/posts\/12516","targetHints":{"allow":["GET"]}}],"collection":[{"href":"http:\/\/www.elcapital.pe\/index.php?rest_route=\/wp\/v2\/posts"}],"about":[{"href":"http:\/\/www.elcapital.pe\/index.php?rest_route=\/wp\/v2\/types\/post"}],"author":[{"embeddable":true,"href":"http:\/\/www.elcapital.pe\/index.php?rest_route=\/wp\/v2\/users\/1"}],"replies":[{"embeddable":true,"href":"http:\/\/www.elcapital.pe\/index.php?rest_route=%2Fwp%2Fv2%2Fcomments&post=12516"}],"version-history":[{"count":1,"href":"http:\/\/www.elcapital.pe\/index.php?rest_route=\/wp\/v2\/posts\/12516\/revisions"}],"predecessor-version":[{"id":12518,"href":"http:\/\/www.elcapital.pe\/index.php?rest_route=\/wp\/v2\/posts\/12516\/revisions\/12518"}],"wp:featuredmedia":[{"embeddable":true,"href":"http:\/\/www.elcapital.pe\/index.php?rest_route=\/wp\/v2\/media\/12517"}],"wp:attachment":[{"href":"http:\/\/www.elcapital.pe\/index.php?rest_route=%2Fwp%2Fv2%2Fmedia&parent=12516"}],"wp:term":[{"taxonomy":"category","embeddable":true,"href":"http:\/\/www.elcapital.pe\/index.php?rest_route=%2Fwp%2Fv2%2Fcategories&post=12516"},{"taxonomy":"post_tag","embeddable":true,"href":"http:\/\/www.elcapital.pe\/index.php?rest_route=%2Fwp%2Fv2%2Ftags&post=12516"}],"curies":[{"name":"wp","href":"https:\/\/api.w.org\/{rel}","templated":true}]}}