{"id":12510,"date":"2026-02-25T21:15:16","date_gmt":"2026-02-26T02:15:16","guid":{"rendered":"https:\/\/www.elcapital.pe\/?p=12510"},"modified":"2026-02-25T21:15:16","modified_gmt":"2026-02-26T02:15:16","slug":"suecia-endurecera-deportaciones-de-inmigrantes-condenados-por-delitos","status":"publish","type":"post","link":"http:\/\/www.elcapital.pe\/?p=12510","title":{"rendered":"SUECIA ENDURECERA DEPORTACIONES DE INMIGRANTES CONDENADOS POR DELITOS\u00a0"},"content":{"rendered":"\n<p>El Gobierno de Suecia anunci\u00f3 que impulsar\u00e1 una ley para aumentar de forma dr\u00e1stica las deportaciones de inmigrantes condenados por delitos. La propuesta establece que, como regla general, cualquier infracci\u00f3n cuya pena supere una multa deber\u00e1 conllevar la expulsi\u00f3n del pa\u00eds.<\/p>\n\n\n\n<p>El ministro de Migraci\u00f3n, Johan Forssell, sostuvo que durante a\u00f1os \u201cse ha sido demasiado indulgente con delincuentes extranjeros\u201d y explic\u00f3 que el proyecto obligar\u00e1 a los fiscales a solicitar la deportaci\u00f3n como parte de la sentencia, en lugar de dejarlo a su criterio.<\/p>\n\n\n\n<p>La iniciativa ser\u00e1 remitida al Consejo de Legislaci\u00f3n antes de su presentaci\u00f3n al Parlamento, y el Ejecutivo espera que entre en vigor el 1 de septiembre. Seg\u00fan estimaciones oficiales, la nueva norma permitir\u00eda alrededor de 3.000 deportaciones anuales, seis veces m\u00e1s que el promedio actual de unas 500.<\/p>\n\n\n\n<p>La medida se enmarca en la estrategia del gobierno del primer ministro Ulf Kristersson, en el poder desde 2022 con el respaldo de los Dem\u00f3cratas de Suecia, para enfrentar el crimen organizado. El pa\u00eds n\u00f3rdico arrastra m\u00e1s de una d\u00e9cada de violencia vinculada a pandillas y narcotr\u00e1fico; aunque los tiroteos mortales han disminuido, los ataques con explosivos han aumentado en los \u00faltimos a\u00f1os.<\/p>\n\n\n\n<p>El Ejecutivo ya ha ampliado la facultad policial y endurecida las penas, adem\u00e1s de proponer reducir la edad de responsabilidad penal de 15 a 13 a\u00f1os como parte de su plan contra la delincuencia juvenil.<\/p>\n","protected":false},"excerpt":{"rendered":"<p>El Gobierno de Suecia anunci\u00f3 que impulsar\u00e1 una ley para aumentar de forma dr\u00e1stica las deportaciones de inmigrantes condenados por delitos. La propuesta establece que, como regla general, cualquier infracci\u00f3n cuya pena supere una multa deber\u00e1 conllevar la expulsi\u00f3n del pa\u00eds. El ministro de Migraci\u00f3n, Johan Forssell, sostuvo que durante a\u00f1os \u201cse ha sido demasiado [&hellip;]<\/p>\n","protected":false},"author":1,"featured_media":12511,"comment_status":"open","ping_status":"open","sticky":false,"template":"","format":"standard","meta":{"footnotes":""},"categories":[2],"tags":[],"class_list":["post-12510","post","type-post","status-publish","format-standard","has-post-thumbnail","hentry","category-actualidad"],"_links":{"self":[{"href":"http:\/\/www.elcapital.pe\/index.php?rest_route=\/wp\/v2\/posts\/12510","targetHints":{"allow":["GET"]}}],"collection":[{"href":"http:\/\/www.elcapital.pe\/index.php?rest_route=\/wp\/v2\/posts"}],"about":[{"href":"http:\/\/www.elcapital.pe\/index.php?rest_route=\/wp\/v2\/types\/post"}],"author":[{"embeddable":true,"href":"http:\/\/www.elcapital.pe\/index.php?rest_route=\/wp\/v2\/users\/1"}],"replies":[{"embeddable":true,"href":"http:\/\/www.elcapital.pe\/index.php?rest_route=%2Fwp%2Fv2%2Fcomments&post=12510"}],"version-history":[{"count":1,"href":"http:\/\/www.elcapital.pe\/index.php?rest_route=\/wp\/v2\/posts\/12510\/revisions"}],"predecessor-version":[{"id":12512,"href":"http:\/\/www.elcapital.pe\/index.php?rest_route=\/wp\/v2\/posts\/12510\/revisions\/12512"}],"wp:featuredmedia":[{"embeddable":true,"href":"http:\/\/www.elcapital.pe\/index.php?rest_route=\/wp\/v2\/media\/12511"}],"wp:attachment":[{"href":"http:\/\/www.elcapital.pe\/index.php?rest_route=%2Fwp%2Fv2%2Fmedia&parent=12510"}],"wp:term":[{"taxonomy":"category","embeddable":true,"href":"http:\/\/www.elcapital.pe\/index.php?rest_route=%2Fwp%2Fv2%2Fcategories&post=12510"},{"taxonomy":"post_tag","embeddable":true,"href":"http:\/\/www.elcapital.pe\/index.php?rest_route=%2Fwp%2Fv2%2Ftags&post=12510"}],"curies":[{"name":"wp","href":"https:\/\/api.w.org\/{rel}","templated":true}]}}