{"id":12507,"date":"2026-02-25T21:07:34","date_gmt":"2026-02-26T02:07:34","guid":{"rendered":"https:\/\/www.elcapital.pe\/?p=12507"},"modified":"2026-02-25T21:07:34","modified_gmt":"2026-02-26T02:07:34","slug":"venezuela-renuncia-el-fiscal-general-tarek-william-saab-y-asume-como-defensor-del-pueblo","status":"publish","type":"post","link":"http:\/\/www.elcapital.pe\/?p=12507","title":{"rendered":"VENEZUELA: RENUNCIA EL FISCAL GENERAL TAREK WILLIAM SAAB Y ASUME COMO DEFENSOR DEL PUEBLO\u00a0"},"content":{"rendered":"\n<p>El fiscal general de Venezuela, Tarek William Saab, present\u00f3 este mi\u00e9rcoles su renuncia ante la Asamblea Nacional, controlada por el oficialismo, tras casi una d\u00e9cada al frente del Ministerio P\u00fablico, inform\u00f3 el Parlamento en sesi\u00f3n ordinaria.<\/p>\n\n\n\n<p>Saab ejerc\u00eda como fiscal general desde 2017, cuando fue designado por la anterior Asamblea Nacional Constituyente, y su mandato hab\u00eda sido ratificado en 2024 para un per\u00edodo hasta 2031. Durante su gesti\u00f3n fue cuestionado por opositores y organizaciones de derechos humanos por su papel en casos de detenciones y persecuci\u00f3n de cr\u00edticos del Gobierno.<\/p>\n\n\n\n<p>En la misma sesi\u00f3n renunci\u00f3 tambi\u00e9n el defensor del pueblo, Alfredo Ruiz Angulo. Tras la lectura de las cartas de dimisi\u00f3n, la Asamblea Nacional design\u00f3 a Saab como defensor del pueblo encargado de forma temporal, mientras se activa el proceso constitucional para elegir autoridades permanentes mediante un Comit\u00e9 de Postulaciones.<\/p>\n\n\n\n<p>Mientras se conforma ese comit\u00e9, el Parlamento nombr\u00f3 autoridades encargadas para ambos cargos, incluido al abogado Larry Daniel Devoe como fiscal general interino. La salida de Saab ocurre en un contexto de cambios institucionales en el pa\u00eds, marcado por la aprobaci\u00f3n de una ley de amnist\u00eda y modificaciones en el sistema judicial tras la ca\u00edda del expresidente Nicol\u00e1s Maduro a comienzos de 2026.<\/p>\n","protected":false},"excerpt":{"rendered":"<p>El fiscal general de Venezuela, Tarek William Saab, present\u00f3 este mi\u00e9rcoles su renuncia ante la Asamblea Nacional, controlada por el oficialismo, tras casi una d\u00e9cada al frente del Ministerio P\u00fablico, inform\u00f3 el Parlamento en sesi\u00f3n ordinaria. Saab ejerc\u00eda como fiscal general desde 2017, cuando fue designado por la anterior Asamblea Nacional Constituyente, y su mandato [&hellip;]<\/p>\n","protected":false},"author":1,"featured_media":12508,"comment_status":"open","ping_status":"open","sticky":false,"template":"","format":"standard","meta":{"footnotes":""},"categories":[2],"tags":[],"class_list":["post-12507","post","type-post","status-publish","format-standard","has-post-thumbnail","hentry","category-actualidad"],"_links":{"self":[{"href":"http:\/\/www.elcapital.pe\/index.php?rest_route=\/wp\/v2\/posts\/12507","targetHints":{"allow":["GET"]}}],"collection":[{"href":"http:\/\/www.elcapital.pe\/index.php?rest_route=\/wp\/v2\/posts"}],"about":[{"href":"http:\/\/www.elcapital.pe\/index.php?rest_route=\/wp\/v2\/types\/post"}],"author":[{"embeddable":true,"href":"http:\/\/www.elcapital.pe\/index.php?rest_route=\/wp\/v2\/users\/1"}],"replies":[{"embeddable":true,"href":"http:\/\/www.elcapital.pe\/index.php?rest_route=%2Fwp%2Fv2%2Fcomments&post=12507"}],"version-history":[{"count":1,"href":"http:\/\/www.elcapital.pe\/index.php?rest_route=\/wp\/v2\/posts\/12507\/revisions"}],"predecessor-version":[{"id":12509,"href":"http:\/\/www.elcapital.pe\/index.php?rest_route=\/wp\/v2\/posts\/12507\/revisions\/12509"}],"wp:featuredmedia":[{"embeddable":true,"href":"http:\/\/www.elcapital.pe\/index.php?rest_route=\/wp\/v2\/media\/12508"}],"wp:attachment":[{"href":"http:\/\/www.elcapital.pe\/index.php?rest_route=%2Fwp%2Fv2%2Fmedia&parent=12507"}],"wp:term":[{"taxonomy":"category","embeddable":true,"href":"http:\/\/www.elcapital.pe\/index.php?rest_route=%2Fwp%2Fv2%2Fcategories&post=12507"},{"taxonomy":"post_tag","embeddable":true,"href":"http:\/\/www.elcapital.pe\/index.php?rest_route=%2Fwp%2Fv2%2Ftags&post=12507"}],"curies":[{"name":"wp","href":"https:\/\/api.w.org\/{rel}","templated":true}]}}