{"id":12504,"date":"2026-02-25T20:59:27","date_gmt":"2026-02-26T01:59:27","guid":{"rendered":"https:\/\/www.elcapital.pe\/?p=12504"},"modified":"2026-02-25T20:59:27","modified_gmt":"2026-02-26T01:59:27","slug":"ee-uu-advierte-que-respondera-a-cuba-tras-ataque-a-lancha-procedente-de-florida","status":"publish","type":"post","link":"http:\/\/www.elcapital.pe\/?p=12504","title":{"rendered":"EE.UU. ADVIERTE QUE RESPONDERA A CUBA TRAS ATAQUE A LANCHA PROCEDENTE DE FLORIDA\u00a0"},"content":{"rendered":"\n<p>El secretario de Estado de Estados Unidos, Marco Rubio, afirm\u00f3 que su pa\u00eds responder\u00e1 \u201ccomo corresponde\u201d una vez concluya la investigaci\u00f3n sobre el operativo de Cuba contra una lancha proveniente de Florida que dej\u00f3 cuatro muertos.<\/p>\n\n\n\n<p>\u201cNo voy a especular; primero debemos saber exactamente qu\u00e9 ocurri\u00f3\u201d, declar\u00f3 durante una cumbre de la Comunidad del Caribe (Caricom) en San Crist\u00f3bal y Nieves. Se\u00f1al\u00f3 que, hasta ahora, la informaci\u00f3n disponible proviene de las autoridades cubanas y que Washington busca verificar los hechos de manera independiente.<\/p>\n\n\n\n<p>Rubio indic\u00f3 que la embajada estadounidense en La Habana solicit\u00f3 acceso a los sobrevivientes, presuntamente ciudadanos estadounidenses, y neg\u00f3 contactos previos con el Gobierno cubano o participaci\u00f3n de personal estadounidense en el tiroteo.<\/p>\n\n\n\n<p>Cuatro fallecidos y varios heridos<\/p>\n\n\n\n<p>Seg\u00fan el Ministerio del Interior de Cuba, la Tropa Guardafrontera abati\u00f3 a cuatro tripulantes de una lancha r\u00e1pida que, tras ignorar la orden de alto en aguas territoriales, habr\u00eda abierto fuego contra la embarcaci\u00f3n oficial. Otras seis personas resultaron heridas, al igual que un oficial cubano.<\/p>\n\n\n\n<p>Las autoridades informaron que la embarcaci\u00f3n, con matr\u00edcula de Florida (FL7726SH), ingres\u00f3 de manera ilegal a aguas cubanas. El fiscal general de Florida, James Uthmeier, anunci\u00f3 una investigaci\u00f3n y asegur\u00f3 que los responsables \u201crendir\u00e1n cuentas\u201d.<\/p>\n\n\n\n<p>De acuerdo con The New York Times, la lancha no pertenec\u00eda a la Guardia Costera ni a la Armada de Estados Unidos y ser\u00eda una embarcaci\u00f3n tipo Pro-Line de unos siete metros, usualmente utilizada para pesca.<\/p>\n\n\n\n<p>Acusaciones de \u201cfines terroristas\u201d<\/p>\n\n\n\n<p>El Ministerio del Interior cubano sostuvo que los ocupantes ten\u00edan \u201cintenciones terroristas\u201d y report\u00f3 la incautaci\u00f3n de fusiles, armas cortas, explosivos artesanales, chalecos antibalas y uniformes de camuflaje. Indic\u00f3 adem\u00e1s que los heridos son cubanos residentes en EE.UU.<\/p>\n\n\n\n<p>El incidente ocurre en un contexto de alta tensi\u00f3n bilateral, luego de que Washington endureciera las sanciones energ\u00e9ticas contra la isla.<\/p>\n\n\n\n<p>Rubio critica situaci\u00f3n interna en Cuba<\/p>\n\n\n\n<p>En otro momento, Rubio se\u00f1al\u00f3 que Cuba debe emprender cambios \u201cdr\u00e1sticos\u201d y responsabiliz\u00f3 al gobierno de la crisis energ\u00e9tica que atraviesa el pa\u00eds. \u201cEl pueblo cubano est\u00e1 sufriendo quiz\u00e1s m\u00e1s que en cualquier otro momento reciente, y son las autoridades quienes han tomado decisiones que los han llevado a esta situaci\u00f3n\u201d, afirm\u00f3.<\/p>\n","protected":false},"excerpt":{"rendered":"<p>El secretario de Estado de Estados Unidos, Marco Rubio, afirm\u00f3 que su pa\u00eds responder\u00e1 \u201ccomo corresponde\u201d una vez concluya la investigaci\u00f3n sobre el operativo de Cuba contra una lancha proveniente de Florida que dej\u00f3 cuatro muertos. \u201cNo voy a especular; primero debemos saber exactamente qu\u00e9 ocurri\u00f3\u201d, declar\u00f3 durante una cumbre de la Comunidad del Caribe [&hellip;]<\/p>\n","protected":false},"author":1,"featured_media":12505,"comment_status":"open","ping_status":"open","sticky":false,"template":"","format":"standard","meta":{"footnotes":""},"categories":[2],"tags":[],"class_list":["post-12504","post","type-post","status-publish","format-standard","has-post-thumbnail","hentry","category-actualidad"],"_links":{"self":[{"href":"http:\/\/www.elcapital.pe\/index.php?rest_route=\/wp\/v2\/posts\/12504","targetHints":{"allow":["GET"]}}],"collection":[{"href":"http:\/\/www.elcapital.pe\/index.php?rest_route=\/wp\/v2\/posts"}],"about":[{"href":"http:\/\/www.elcapital.pe\/index.php?rest_route=\/wp\/v2\/types\/post"}],"author":[{"embeddable":true,"href":"http:\/\/www.elcapital.pe\/index.php?rest_route=\/wp\/v2\/users\/1"}],"replies":[{"embeddable":true,"href":"http:\/\/www.elcapital.pe\/index.php?rest_route=%2Fwp%2Fv2%2Fcomments&post=12504"}],"version-history":[{"count":1,"href":"http:\/\/www.elcapital.pe\/index.php?rest_route=\/wp\/v2\/posts\/12504\/revisions"}],"predecessor-version":[{"id":12506,"href":"http:\/\/www.elcapital.pe\/index.php?rest_route=\/wp\/v2\/posts\/12504\/revisions\/12506"}],"wp:featuredmedia":[{"embeddable":true,"href":"http:\/\/www.elcapital.pe\/index.php?rest_route=\/wp\/v2\/media\/12505"}],"wp:attachment":[{"href":"http:\/\/www.elcapital.pe\/index.php?rest_route=%2Fwp%2Fv2%2Fmedia&parent=12504"}],"wp:term":[{"taxonomy":"category","embeddable":true,"href":"http:\/\/www.elcapital.pe\/index.php?rest_route=%2Fwp%2Fv2%2Fcategories&post=12504"},{"taxonomy":"post_tag","embeddable":true,"href":"http:\/\/www.elcapital.pe\/index.php?rest_route=%2Fwp%2Fv2%2Ftags&post=12504"}],"curies":[{"name":"wp","href":"https:\/\/api.w.org\/{rel}","templated":true}]}}