{"id":12501,"date":"2026-02-25T20:50:48","date_gmt":"2026-02-26T01:50:48","guid":{"rendered":"https:\/\/www.elcapital.pe\/?p=12501"},"modified":"2026-02-25T20:50:48","modified_gmt":"2026-02-26T01:50:48","slug":"gobierno-declara-en-emergencia-707-distritos-por-lluvias-intensas","status":"publish","type":"post","link":"http:\/\/www.elcapital.pe\/?p=12501","title":{"rendered":"GOBIERNO DECLARA EN EMERGENCIA 707 DISTRITOS POR LLUVIAS INTENSAS\u00a0\u00a0"},"content":{"rendered":"\n<p>La presidenta del Consejo de Ministros, Denisse Miralles, anunci\u00f3 la declaratoria de estado de emergencia en 707 distritos de 14 regiones del pa\u00eds, ante los da\u00f1os ocasionados por las intensas precipitaciones.<\/p>\n\n\n\n<p>La medida alcanza a localidades de Amazonas, \u00c1ncash, Arequipa, Cajamarca, Ica, Jun\u00edn, La Libertad, Lambayeque, Lima, Madre de Dios, Piura, Puno, San Mart\u00edn y Tumbes, donde se ejecutar\u00e1n acciones urgentes para mitigar el impacto clim\u00e1tico.<\/p>\n\n\n\n<p>Durante el anuncio, Miralles inform\u00f3 que Arequipa e Ica recibir\u00e1n atenci\u00f3n prioritaria debido a la magnitud de los da\u00f1os. Adem\u00e1s, se prorrog\u00f3 el estado de emergencia en distritos de las provincias de General S\u00e1nchez Cerro y Mariscal Nieto, en Moquegua, por riesgo de contaminaci\u00f3n de fuentes de agua, as\u00ed como en el distrito de Independencia, en Huaraz (\u00c1ncash), por la misma causal.<\/p>\n\n\n\n<p>Por su parte, el Ministerio de Transportes y Comunicaciones (MTC) declar\u00f3 en emergencia varios tramos de la Red Vial Nacional en Arequipa, Ica y el corredor Piura\u2013Tumbes. La medida incluye rutas del sur como Yauca\u2013Chala\u2013Atico y Atico\u2013DV. Quilca; sectores de la carretera PE-1S en Ica; y la v\u00eda PE-1N que conecta Sullana, M\u00e1ncora y Tumbes hasta el Puente Internacional La Paz.<\/p>\n\n\n\n<p>El Ejecutivo se\u00f1al\u00f3 que la declaratoria permitir\u00e1 una respuesta articulada entre los distintos niveles de gobierno para proteger a la poblaci\u00f3n y asegurar la continuidad de los servicios b\u00e1sicos en las zonas afectadas.<\/p>\n","protected":false},"excerpt":{"rendered":"<p>La presidenta del Consejo de Ministros, Denisse Miralles, anunci\u00f3 la declaratoria de estado de emergencia en 707 distritos de 14 regiones del pa\u00eds, ante los da\u00f1os ocasionados por las intensas precipitaciones. La medida alcanza a localidades de Amazonas, \u00c1ncash, Arequipa, Cajamarca, Ica, Jun\u00edn, La Libertad, Lambayeque, Lima, Madre de Dios, Piura, Puno, San Mart\u00edn y [&hellip;]<\/p>\n","protected":false},"author":1,"featured_media":12502,"comment_status":"open","ping_status":"open","sticky":false,"template":"","format":"standard","meta":{"footnotes":""},"categories":[2],"tags":[],"class_list":["post-12501","post","type-post","status-publish","format-standard","has-post-thumbnail","hentry","category-actualidad"],"_links":{"self":[{"href":"http:\/\/www.elcapital.pe\/index.php?rest_route=\/wp\/v2\/posts\/12501","targetHints":{"allow":["GET"]}}],"collection":[{"href":"http:\/\/www.elcapital.pe\/index.php?rest_route=\/wp\/v2\/posts"}],"about":[{"href":"http:\/\/www.elcapital.pe\/index.php?rest_route=\/wp\/v2\/types\/post"}],"author":[{"embeddable":true,"href":"http:\/\/www.elcapital.pe\/index.php?rest_route=\/wp\/v2\/users\/1"}],"replies":[{"embeddable":true,"href":"http:\/\/www.elcapital.pe\/index.php?rest_route=%2Fwp%2Fv2%2Fcomments&post=12501"}],"version-history":[{"count":1,"href":"http:\/\/www.elcapital.pe\/index.php?rest_route=\/wp\/v2\/posts\/12501\/revisions"}],"predecessor-version":[{"id":12503,"href":"http:\/\/www.elcapital.pe\/index.php?rest_route=\/wp\/v2\/posts\/12501\/revisions\/12503"}],"wp:featuredmedia":[{"embeddable":true,"href":"http:\/\/www.elcapital.pe\/index.php?rest_route=\/wp\/v2\/media\/12502"}],"wp:attachment":[{"href":"http:\/\/www.elcapital.pe\/index.php?rest_route=%2Fwp%2Fv2%2Fmedia&parent=12501"}],"wp:term":[{"taxonomy":"category","embeddable":true,"href":"http:\/\/www.elcapital.pe\/index.php?rest_route=%2Fwp%2Fv2%2Fcategories&post=12501"},{"taxonomy":"post_tag","embeddable":true,"href":"http:\/\/www.elcapital.pe\/index.php?rest_route=%2Fwp%2Fv2%2Ftags&post=12501"}],"curies":[{"name":"wp","href":"https:\/\/api.w.org\/{rel}","templated":true}]}}