{"id":12498,"date":"2026-02-25T20:37:24","date_gmt":"2026-02-26T01:37:24","guid":{"rendered":"https:\/\/www.elcapital.pe\/?p=12498"},"modified":"2026-02-25T20:37:24","modified_gmt":"2026-02-26T01:37:24","slug":"las-lluvias-de-verano-sorprendieron-este-martes-a-distintos-distritos-de-lima-y-elevaron-el-caudal-del-rio-rimac-en-zonas-consideradas-criticas-como-el-puente-trujillo","status":"publish","type":"post","link":"http:\/\/www.elcapital.pe\/?p=12498","title":{"rendered":"LAS LLUVIAS DE VERANO SORPRENDIERON ESTE MARTES A DISTINTOS DISTRITOS DE LIMA Y ELEVARON EL CAUDAL DEL RIO RIMAC EN ZONAS CONSIDERADAS CRITICAS COMO EL PUENTE TRUJILLO\u00a0\u00a0"},"content":{"rendered":"\n<p>El Servicio Nacional de Meteorolog\u00eda e Hidrolog\u00eda del Per\u00fa (Senamhi) inform\u00f3 que las precipitaciones fueron m\u00e1s intensas en localidades de la cuenca media del R\u00edmac. Seg\u00fan su red de estaciones integradas en la plataforma ISAAC, la estaci\u00f3n California registr\u00f3 el mayor acumulado de la jornada, con 3.6 mil\u00edmetros. La entidad indic\u00f3 que mantiene activo su sistema de vigilancia para alertar oportunamente ante nuevas lluvias.<\/p>\n\n\n\n<p>En distritos como Ate, Chosica, Chaclacayo, La Molina, Magdalena y el Cercado de Lima se reportaron chubascos intermitentes, caracter\u00edsticos de la temporada. Tras el paso de la lluvia, vecinos de Miraflores y del centro de la capital observaron un arco\u00edris en el cielo lime\u00f1o.<\/p>\n\n\n\n<p>Por segundo d\u00eda consecutivo tambi\u00e9n se activ\u00f3 la quebrada Chacrasana, en Chosica. Seg\u00fan reportes vecinales, el descenso de agua desde las partes altas alcanz\u00f3 el kil\u00f3metro 27 de la Carretera Central, una v\u00eda clave de conexi\u00f3n con la sierra central.<\/p>\n\n\n\n<p>A nivel nacional, el Instituto Nacional de Defensa Civil (Indeci), a trav\u00e9s del Aviso de Corto Plazo N.\u00b0 056-2026, advirti\u00f3 que se prev\u00e9n lluvias de moderada a fuerte intensidad en 24 regiones del pa\u00eds, por lo que recomend\u00f3 a la poblaci\u00f3n mantenerse atenta a los comunicados oficiales.<\/p>\n","protected":false},"excerpt":{"rendered":"<p>El Servicio Nacional de Meteorolog\u00eda e Hidrolog\u00eda del Per\u00fa (Senamhi) inform\u00f3 que las precipitaciones fueron m\u00e1s intensas en localidades de la cuenca media del R\u00edmac. Seg\u00fan su red de estaciones integradas en la plataforma ISAAC, la estaci\u00f3n California registr\u00f3 el mayor acumulado de la jornada, con 3.6 mil\u00edmetros. La entidad indic\u00f3 que mantiene activo su [&hellip;]<\/p>\n","protected":false},"author":1,"featured_media":12499,"comment_status":"open","ping_status":"open","sticky":false,"template":"","format":"standard","meta":{"footnotes":""},"categories":[2],"tags":[],"class_list":["post-12498","post","type-post","status-publish","format-standard","has-post-thumbnail","hentry","category-actualidad"],"_links":{"self":[{"href":"http:\/\/www.elcapital.pe\/index.php?rest_route=\/wp\/v2\/posts\/12498","targetHints":{"allow":["GET"]}}],"collection":[{"href":"http:\/\/www.elcapital.pe\/index.php?rest_route=\/wp\/v2\/posts"}],"about":[{"href":"http:\/\/www.elcapital.pe\/index.php?rest_route=\/wp\/v2\/types\/post"}],"author":[{"embeddable":true,"href":"http:\/\/www.elcapital.pe\/index.php?rest_route=\/wp\/v2\/users\/1"}],"replies":[{"embeddable":true,"href":"http:\/\/www.elcapital.pe\/index.php?rest_route=%2Fwp%2Fv2%2Fcomments&post=12498"}],"version-history":[{"count":1,"href":"http:\/\/www.elcapital.pe\/index.php?rest_route=\/wp\/v2\/posts\/12498\/revisions"}],"predecessor-version":[{"id":12500,"href":"http:\/\/www.elcapital.pe\/index.php?rest_route=\/wp\/v2\/posts\/12498\/revisions\/12500"}],"wp:featuredmedia":[{"embeddable":true,"href":"http:\/\/www.elcapital.pe\/index.php?rest_route=\/wp\/v2\/media\/12499"}],"wp:attachment":[{"href":"http:\/\/www.elcapital.pe\/index.php?rest_route=%2Fwp%2Fv2%2Fmedia&parent=12498"}],"wp:term":[{"taxonomy":"category","embeddable":true,"href":"http:\/\/www.elcapital.pe\/index.php?rest_route=%2Fwp%2Fv2%2Fcategories&post=12498"},{"taxonomy":"post_tag","embeddable":true,"href":"http:\/\/www.elcapital.pe\/index.php?rest_route=%2Fwp%2Fv2%2Ftags&post=12498"}],"curies":[{"name":"wp","href":"https:\/\/api.w.org\/{rel}","templated":true}]}}