{"id":12483,"date":"2026-02-24T23:48:23","date_gmt":"2026-02-25T04:48:23","guid":{"rendered":"https:\/\/www.elcapital.pe\/?p=12483"},"modified":"2026-02-24T23:48:23","modified_gmt":"2026-02-25T04:48:23","slug":"brasil-lluvias-dejan-29-muertos-y-decenas-de-desaparecidos","status":"publish","type":"post","link":"http:\/\/www.elcapital.pe\/?p=12483","title":{"rendered":"BRASIL: LLUVIAS DEJAN 29 MUERTOS Y DECENAS DE DESAPARECIDOS\u00a0\u00a0"},"content":{"rendered":"\n<p>Al menos 29 personas murieron, 40 permanecen desaparecidas y m\u00e1s de 400 fueron evacuadas tras intensas lluvias que azotan el sureste de Brasil, seg\u00fan el balance oficial difundido este martes (24.02.2026).<\/p>\n\n\n\n<p>El presidente Luiz In\u00e1cio Lula da Silva reconoci\u00f3 el estado de calamidad decretado en la ciudad de Juiz de Fora por la alcaldesa Margarida Salomao ante la \u201cgrav\u00edsima situaci\u00f3n\u201d. Asimismo, orden\u00f3 la movilizaci\u00f3n del Gobierno federal, declar\u00f3 \u201calerta m\u00e1xima\u201d a la Defensa Civil nacional y envi\u00f3 refuerzos para las labores de rescate.<\/p>\n\n\n\n<p>Seg\u00fan las autoridades locales, este ha sido el febrero m\u00e1s lluvioso en la historia del municipio, con 584 mil\u00edmetros de precipitaci\u00f3n acumulada. El temporal provoc\u00f3 el desborde de un r\u00edo, inundaciones, al menos 20 deslizamientos de tierra y el colapso de varias edificaciones, escenas que fueron registradas por vecinos.<\/p>\n\n\n\n<p>Del total de v\u00edctimas, 22 fallecieron en Juiz de Fora y siete en el cercano municipio de Ub\u00e1, ambos en el estado de Minas Gerais. La alcaldesa advirti\u00f3 que varios barrios permanecen aislados y calific\u00f3 la situaci\u00f3n como \u201cextrema\u201d.<\/p>\n","protected":false},"excerpt":{"rendered":"<p>Al menos 29 personas murieron, 40 permanecen desaparecidas y m\u00e1s de 400 fueron evacuadas tras intensas lluvias que azotan el sureste de Brasil, seg\u00fan el balance oficial difundido este martes (24.02.2026). El presidente Luiz In\u00e1cio Lula da Silva reconoci\u00f3 el estado de calamidad decretado en la ciudad de Juiz de Fora por la alcaldesa Margarida [&hellip;]<\/p>\n","protected":false},"author":1,"featured_media":12484,"comment_status":"open","ping_status":"open","sticky":false,"template":"","format":"standard","meta":{"footnotes":""},"categories":[2],"tags":[],"class_list":["post-12483","post","type-post","status-publish","format-standard","has-post-thumbnail","hentry","category-actualidad"],"_links":{"self":[{"href":"http:\/\/www.elcapital.pe\/index.php?rest_route=\/wp\/v2\/posts\/12483","targetHints":{"allow":["GET"]}}],"collection":[{"href":"http:\/\/www.elcapital.pe\/index.php?rest_route=\/wp\/v2\/posts"}],"about":[{"href":"http:\/\/www.elcapital.pe\/index.php?rest_route=\/wp\/v2\/types\/post"}],"author":[{"embeddable":true,"href":"http:\/\/www.elcapital.pe\/index.php?rest_route=\/wp\/v2\/users\/1"}],"replies":[{"embeddable":true,"href":"http:\/\/www.elcapital.pe\/index.php?rest_route=%2Fwp%2Fv2%2Fcomments&post=12483"}],"version-history":[{"count":1,"href":"http:\/\/www.elcapital.pe\/index.php?rest_route=\/wp\/v2\/posts\/12483\/revisions"}],"predecessor-version":[{"id":12485,"href":"http:\/\/www.elcapital.pe\/index.php?rest_route=\/wp\/v2\/posts\/12483\/revisions\/12485"}],"wp:featuredmedia":[{"embeddable":true,"href":"http:\/\/www.elcapital.pe\/index.php?rest_route=\/wp\/v2\/media\/12484"}],"wp:attachment":[{"href":"http:\/\/www.elcapital.pe\/index.php?rest_route=%2Fwp%2Fv2%2Fmedia&parent=12483"}],"wp:term":[{"taxonomy":"category","embeddable":true,"href":"http:\/\/www.elcapital.pe\/index.php?rest_route=%2Fwp%2Fv2%2Fcategories&post=12483"},{"taxonomy":"post_tag","embeddable":true,"href":"http:\/\/www.elcapital.pe\/index.php?rest_route=%2Fwp%2Fv2%2Ftags&post=12483"}],"curies":[{"name":"wp","href":"https:\/\/api.w.org\/{rel}","templated":true}]}}