{"id":12476,"date":"2026-02-24T23:29:15","date_gmt":"2026-02-25T04:29:15","guid":{"rendered":"https:\/\/www.elcapital.pe\/?p=12476"},"modified":"2026-02-24T23:29:15","modified_gmt":"2026-02-25T04:29:15","slug":"amnistia-en-venezuela-libera-a-179-presos-politicos","status":"publish","type":"post","link":"http:\/\/www.elcapital.pe\/?p=12476","title":{"rendered":"AMNISTIA EN VENEZUELA LIBERA A 179 PRESOS POLITICOS"},"content":{"rendered":"\n<p>Una comisi\u00f3n especial de la Asamblea Nacional de Venezuela inform\u00f3 este martes que 179 personas privadas de libertad recuperaron la libertad plena gracias a la aplicaci\u00f3n de la reci\u00e9n promulgada ley de amnist\u00eda, que busca sobreseer causas penales de presos pol\u00edticos en el pa\u00eds.<\/p>\n\n\n\n<p>La normativa \u2014impulsada por la presidenta encargada Delcy Rodr\u00edguez y aprobada por unanimidad la semana pasada\u2014 no otorga el beneficio de forma autom\u00e1tica: cada solicitante debe presentarse ante tribunales, que tienen un plazo de 15 d\u00edas para revisar cada caso y decidir sobre el sobreseimiento o la anulaci\u00f3n de la sentencia.<\/p>\n\n\n\n<p>Seg\u00fan el diputado Jorge Arreaza, a cargo de la comisi\u00f3n que supervisa la aplicaci\u00f3n de la ley, las cortes han recibido m\u00e1s de 4 200 solicitudes de amnist\u00eda, y adem\u00e1s de los 179 excarcelados, otras 3 000 personas que estaban bajo medidas como libertad condicional recibieron libertad plena.<\/p>\n\n\n\n<p>La ley ha generado tambi\u00e9n denuncias por demoras y falta de transparencia en los tribunales, mientras organizaciones como Foro Penal se\u00f1alan que las cifras oficiales no coinciden con sus propios registros de liberaciones verificadas.<\/p>\n\n\n\n<p>La amnist\u00eda representa un paso importante en un contexto de reclamos de familiares y defensores de derechos humanos, aunque su implementaci\u00f3n y alcance siguen siendo objeto de debate en Venezuela.<\/p>\n","protected":false},"excerpt":{"rendered":"<p>Una comisi\u00f3n especial de la Asamblea Nacional de Venezuela inform\u00f3 este martes que 179 personas privadas de libertad recuperaron la libertad plena gracias a la aplicaci\u00f3n de la reci\u00e9n promulgada ley de amnist\u00eda, que busca sobreseer causas penales de presos pol\u00edticos en el pa\u00eds. La normativa \u2014impulsada por la presidenta encargada Delcy Rodr\u00edguez y aprobada [&hellip;]<\/p>\n","protected":false},"author":1,"featured_media":12477,"comment_status":"open","ping_status":"open","sticky":false,"template":"","format":"standard","meta":{"footnotes":""},"categories":[2],"tags":[],"class_list":["post-12476","post","type-post","status-publish","format-standard","has-post-thumbnail","hentry","category-actualidad"],"_links":{"self":[{"href":"http:\/\/www.elcapital.pe\/index.php?rest_route=\/wp\/v2\/posts\/12476","targetHints":{"allow":["GET"]}}],"collection":[{"href":"http:\/\/www.elcapital.pe\/index.php?rest_route=\/wp\/v2\/posts"}],"about":[{"href":"http:\/\/www.elcapital.pe\/index.php?rest_route=\/wp\/v2\/types\/post"}],"author":[{"embeddable":true,"href":"http:\/\/www.elcapital.pe\/index.php?rest_route=\/wp\/v2\/users\/1"}],"replies":[{"embeddable":true,"href":"http:\/\/www.elcapital.pe\/index.php?rest_route=%2Fwp%2Fv2%2Fcomments&post=12476"}],"version-history":[{"count":1,"href":"http:\/\/www.elcapital.pe\/index.php?rest_route=\/wp\/v2\/posts\/12476\/revisions"}],"predecessor-version":[{"id":12478,"href":"http:\/\/www.elcapital.pe\/index.php?rest_route=\/wp\/v2\/posts\/12476\/revisions\/12478"}],"wp:featuredmedia":[{"embeddable":true,"href":"http:\/\/www.elcapital.pe\/index.php?rest_route=\/wp\/v2\/media\/12477"}],"wp:attachment":[{"href":"http:\/\/www.elcapital.pe\/index.php?rest_route=%2Fwp%2Fv2%2Fmedia&parent=12476"}],"wp:term":[{"taxonomy":"category","embeddable":true,"href":"http:\/\/www.elcapital.pe\/index.php?rest_route=%2Fwp%2Fv2%2Fcategories&post=12476"},{"taxonomy":"post_tag","embeddable":true,"href":"http:\/\/www.elcapital.pe\/index.php?rest_route=%2Fwp%2Fv2%2Ftags&post=12476"}],"curies":[{"name":"wp","href":"https:\/\/api.w.org\/{rel}","templated":true}]}}