{"id":12470,"date":"2026-02-24T23:03:24","date_gmt":"2026-02-25T04:03:24","guid":{"rendered":"https:\/\/www.elcapital.pe\/?p=12470"},"modified":"2026-02-24T23:03:24","modified_gmt":"2026-02-25T04:03:24","slug":"pnp-pidio-detencion-de-adrian-villar-y-marisel-linares-por-muerte-de-lizeth-marzano-pero-no-se-concreto","status":"publish","type":"post","link":"http:\/\/www.elcapital.pe\/?p=12470","title":{"rendered":"PNP PIDIO DETENCION DE ADRIAN VILLAR Y MARISEL LINARES POR MUERTE DE LIZETH MARZANO, PERO NO SE CONCRETO"},"content":{"rendered":"\n<p>La Polic\u00eda Nacional del Per\u00fa solicit\u00f3 la detenci\u00f3n preliminar de Adri\u00e1n Villar Chirinos y de la periodista Marisel Linares en el marco de la investigaci\u00f3n por la muerte de Lizeth Marzano, ocurrida tras un accidente de tr\u00e1nsito en San Isidro. Sin embargo, la medida no se ejecut\u00f3.<\/p>\n\n\n\n<p>Seg\u00fan inform\u00f3 Punto Final, la Polic\u00eda recomend\u00f3 arrestar a Villar por no presentarse ante las autoridades dentro del plazo de flagrancia y pidi\u00f3 evaluar la situaci\u00f3n de Linares por un presunto encubrimiento real. El Ministerio P\u00fablico se\u00f1al\u00f3 que la solicitud fue planteada fuera del plazo de 48 horas y record\u00f3 que la PNP ten\u00eda facultades para intervenir al conocer la identidad de ambos.<\/p>\n\n\n\n<p>La Fiscal\u00eda abri\u00f3 investigaci\u00f3n por homicidio culposo, fuga del lugar del accidente y omisi\u00f3n de auxilio. La noche del hecho, la familia Marzano cuestion\u00f3 que no se brindara ayuda inmediata a la v\u00edctima. Gino Marzano, hermano de Lizeth, sostuvo que el traslado a una cl\u00ednica cercana pudo haberse activado mediante el SOAT si el conductor se deten\u00eda.<\/p>\n\n\n\n<p>Horas despu\u00e9s, familiares recogieron piezas del veh\u00edculo en la escena. Tras analizarlas, se determin\u00f3 que pertenec\u00edan a un Chevrolet Cruze. Posteriormente, Marisel Linares reconoci\u00f3 en redes sociales que el auto estaba registrado a su nombre, aunque afirm\u00f3 que no lo ten\u00eda en su poder desde septiembre y que no conduc\u00eda esa noche. Villar, identificado como hijo de su pareja, acudi\u00f3 al d\u00eda siguiente a la sede policial con su abogado, entreg\u00f3 el veh\u00edculo, documentos y su pasaporte, y cancel\u00f3 un viaje al extranjero.<\/p>\n\n\n\n<p>Su defensa asegur\u00f3 que asumir\u00e1 responsabilidad y neg\u00f3 consumo de alcohol, aunque no present\u00f3 dosaje et\u00edlico. La representaci\u00f3n legal conjunta de Villar y Linares fue cuestionada por la abogada de la familia Marzano, quien advirti\u00f3 un posible riesgo de coordinaci\u00f3n en las declaraciones.<\/p>\n\n\n\n<p>Adem\u00e1s, Gino Marzano denunci\u00f3 que la familia de Villar intent\u00f3 contactarlos para proponer una conciliaci\u00f3n, propuesta que fue rechazada. El caso ha generado indignaci\u00f3n y Villar afronta impedimento de salida del pa\u00eds mientras contin\u00faan las investigaciones.<\/p>\n","protected":false},"excerpt":{"rendered":"<p>La Polic\u00eda Nacional del Per\u00fa solicit\u00f3 la detenci\u00f3n preliminar de Adri\u00e1n Villar Chirinos y de la periodista Marisel Linares en el marco de la investigaci\u00f3n por la muerte de Lizeth Marzano, ocurrida tras un accidente de tr\u00e1nsito en San Isidro. Sin embargo, la medida no se ejecut\u00f3. Seg\u00fan inform\u00f3 Punto Final, la Polic\u00eda recomend\u00f3 arrestar [&hellip;]<\/p>\n","protected":false},"author":1,"featured_media":12471,"comment_status":"open","ping_status":"open","sticky":false,"template":"","format":"standard","meta":{"footnotes":""},"categories":[2],"tags":[],"class_list":["post-12470","post","type-post","status-publish","format-standard","has-post-thumbnail","hentry","category-actualidad"],"_links":{"self":[{"href":"http:\/\/www.elcapital.pe\/index.php?rest_route=\/wp\/v2\/posts\/12470","targetHints":{"allow":["GET"]}}],"collection":[{"href":"http:\/\/www.elcapital.pe\/index.php?rest_route=\/wp\/v2\/posts"}],"about":[{"href":"http:\/\/www.elcapital.pe\/index.php?rest_route=\/wp\/v2\/types\/post"}],"author":[{"embeddable":true,"href":"http:\/\/www.elcapital.pe\/index.php?rest_route=\/wp\/v2\/users\/1"}],"replies":[{"embeddable":true,"href":"http:\/\/www.elcapital.pe\/index.php?rest_route=%2Fwp%2Fv2%2Fcomments&post=12470"}],"version-history":[{"count":1,"href":"http:\/\/www.elcapital.pe\/index.php?rest_route=\/wp\/v2\/posts\/12470\/revisions"}],"predecessor-version":[{"id":12472,"href":"http:\/\/www.elcapital.pe\/index.php?rest_route=\/wp\/v2\/posts\/12470\/revisions\/12472"}],"wp:featuredmedia":[{"embeddable":true,"href":"http:\/\/www.elcapital.pe\/index.php?rest_route=\/wp\/v2\/media\/12471"}],"wp:attachment":[{"href":"http:\/\/www.elcapital.pe\/index.php?rest_route=%2Fwp%2Fv2%2Fmedia&parent=12470"}],"wp:term":[{"taxonomy":"category","embeddable":true,"href":"http:\/\/www.elcapital.pe\/index.php?rest_route=%2Fwp%2Fv2%2Fcategories&post=12470"},{"taxonomy":"post_tag","embeddable":true,"href":"http:\/\/www.elcapital.pe\/index.php?rest_route=%2Fwp%2Fv2%2Ftags&post=12470"}],"curies":[{"name":"wp","href":"https:\/\/api.w.org\/{rel}","templated":true}]}}