{"id":12467,"date":"2026-02-24T22:41:56","date_gmt":"2026-02-25T03:41:56","guid":{"rendered":"https:\/\/www.elcapital.pe\/?p=12467"},"modified":"2026-02-24T22:41:56","modified_gmt":"2026-02-25T03:41:56","slug":"hernando-de-soto-afirmo-que-el-estado-se-ha-convertido-en-una-vaca-de-mil-pezones","status":"publish","type":"post","link":"http:\/\/www.elcapital.pe\/?p=12467","title":{"rendered":"HERNANDO DE SOTO AFIRMO QUE EL ESTADO SE HA CONVERTIDO EN \u201cUNA VACA DE MIL PEZONES\u201d"},"content":{"rendered":"\n<p>Sostuvo que las cuotas pol\u00edticas frustraron su designaci\u00f3n como presidente del Consejo de Ministros. Seg\u00fan el economista, las presiones partidarias \u2014incluidas insistentes llamadas de C\u00e9sar Acu\u00f1a\u2014 terminaron por bloquear la conformaci\u00f3n de un gabinete t\u00e9cnico e independiente.<\/p>\n\n\n\n<p>De Soto explic\u00f3 que acept\u00f3 la invitaci\u00f3n del presidente con la condici\u00f3n de integrar un equipo ajeno a intereses tradicionales. Present\u00f3 una lista de siete ministros de su confianza y un grupo de asesores independientes, incluso con propuestas para reposicionar la imagen del Per\u00fa en el exterior. Sin embargo, asegur\u00f3 que, tras entregar los nombres, dej\u00f3 de recibir comunicaciones oficiales y ninguno de sus candidatos fue incluido en la lista final.<\/p>\n\n\n\n<p>En ese contexto, se\u00f1al\u00f3 que recibi\u00f3 reiteradas llamadas del l\u00edder de Alianza para el Progreso, las cuales decidi\u00f3 no contestar para evitar cualquier v\u00ednculo con una eventual repartija de poder. \u201cLa prueba de fuego era si cambiaban o no a los ministros, y no pas\u00f3\u201d, declar\u00f3, al considerar que el cambio prometido no se concret\u00f3.<\/p>\n\n\n\n<p>El economista lament\u00f3 que se intentara usar su imagen como \u201cfigura decorativa\u201d para proyectar renovaci\u00f3n sin alterar las cuotas partidarias. Finalmente, anunci\u00f3 que publicar\u00e1 la lista de llamadas y detalles de las negociaciones para sustentar que su exclusi\u00f3n respondi\u00f3 a la resistencia de sectores tradicionales a perder influencia en el Ejecutivo.<\/p>\n","protected":false},"excerpt":{"rendered":"<p>Sostuvo que las cuotas pol\u00edticas frustraron su designaci\u00f3n como presidente del Consejo de Ministros. Seg\u00fan el economista, las presiones partidarias \u2014incluidas insistentes llamadas de C\u00e9sar Acu\u00f1a\u2014 terminaron por bloquear la conformaci\u00f3n de un gabinete t\u00e9cnico e independiente. De Soto explic\u00f3 que acept\u00f3 la invitaci\u00f3n del presidente con la condici\u00f3n de integrar un equipo ajeno a [&hellip;]<\/p>\n","protected":false},"author":1,"featured_media":12468,"comment_status":"open","ping_status":"open","sticky":false,"template":"","format":"standard","meta":{"footnotes":""},"categories":[2],"tags":[],"class_list":["post-12467","post","type-post","status-publish","format-standard","has-post-thumbnail","hentry","category-actualidad"],"_links":{"self":[{"href":"http:\/\/www.elcapital.pe\/index.php?rest_route=\/wp\/v2\/posts\/12467","targetHints":{"allow":["GET"]}}],"collection":[{"href":"http:\/\/www.elcapital.pe\/index.php?rest_route=\/wp\/v2\/posts"}],"about":[{"href":"http:\/\/www.elcapital.pe\/index.php?rest_route=\/wp\/v2\/types\/post"}],"author":[{"embeddable":true,"href":"http:\/\/www.elcapital.pe\/index.php?rest_route=\/wp\/v2\/users\/1"}],"replies":[{"embeddable":true,"href":"http:\/\/www.elcapital.pe\/index.php?rest_route=%2Fwp%2Fv2%2Fcomments&post=12467"}],"version-history":[{"count":1,"href":"http:\/\/www.elcapital.pe\/index.php?rest_route=\/wp\/v2\/posts\/12467\/revisions"}],"predecessor-version":[{"id":12469,"href":"http:\/\/www.elcapital.pe\/index.php?rest_route=\/wp\/v2\/posts\/12467\/revisions\/12469"}],"wp:featuredmedia":[{"embeddable":true,"href":"http:\/\/www.elcapital.pe\/index.php?rest_route=\/wp\/v2\/media\/12468"}],"wp:attachment":[{"href":"http:\/\/www.elcapital.pe\/index.php?rest_route=%2Fwp%2Fv2%2Fmedia&parent=12467"}],"wp:term":[{"taxonomy":"category","embeddable":true,"href":"http:\/\/www.elcapital.pe\/index.php?rest_route=%2Fwp%2Fv2%2Fcategories&post=12467"},{"taxonomy":"post_tag","embeddable":true,"href":"http:\/\/www.elcapital.pe\/index.php?rest_route=%2Fwp%2Fv2%2Ftags&post=12467"}],"curies":[{"name":"wp","href":"https:\/\/api.w.org\/{rel}","templated":true}]}}