{"id":12458,"date":"2026-02-24T22:04:25","date_gmt":"2026-02-25T03:04:25","guid":{"rendered":"https:\/\/www.elcapital.pe\/?p=12458"},"modified":"2026-02-24T22:04:25","modified_gmt":"2026-02-25T03:04:25","slug":"iquitos-celebra-162-anos-con-mas-de-1-2-millones-de-pasajeros-movilizados-por-sky","status":"publish","type":"post","link":"http:\/\/www.elcapital.pe\/?p=12458","title":{"rendered":"IQUITOS CELEBRA 162 A\u00d1OS CON MAS DE 1.2 MILLONES DE PASAJEROS MOVILIZADOS POR SKY\u00a0\u00a0"},"content":{"rendered":"\n<p>\u25cf&nbsp;&nbsp;&nbsp;&nbsp;&nbsp;&nbsp;&nbsp;&nbsp;&nbsp;&nbsp;&nbsp;&nbsp; Desde el inicio de su operaci\u00f3n dom\u00e9stica en abril de 2019, la aerol\u00ednea ha superado los 1.2 millones de viajeros transportados hacia y desde la ciudad.<\/p>\n\n\n\n<p>\u25cf&nbsp;&nbsp;&nbsp;&nbsp;&nbsp;&nbsp;&nbsp;&nbsp;&nbsp;&nbsp;&nbsp;&nbsp; SKY proyecta movilizar cerca de 124 mil pasajeros en el primer semestre de 2026, lo que representa un crecimiento cercano del 12% respecto al mismo periodo de 2025.<\/p>\n\n\n\n<p>En el marco del 162\u00b0 aniversario de Iquitos, SKY destaca la relevancia de este emblem\u00e1tico destino amaz\u00f3nico en su operaci\u00f3n nacional. Desde el inicio de sus vuelos dom\u00e9sticos en abril de 2019, la aerol\u00ednea ha transportado 1.2 millones de pasajeros desde y hacia la ciudad, consolid\u00e1ndola como el tercer destino m\u00e1s relevante dentro de su red en el dom\u00e9stico peruano.<\/p>\n\n\n\n<p>La apuesta por esta ruta ha sido constante. En su primer a\u00f1o de operaciones, en 2019, SKY transport\u00f3 65 mil pasajeros, mientras que para 2025 la cifra alcanz\u00f3 los 218 mil, lo que representa un crecimiento aproximado de 236%. La operaci\u00f3n tambi\u00e9n evolucion\u00f3 significativamente, pasando de una frecuencia semanal en sus inicios a una oferta ampliada con 13 frecuencias semanales para el cierre de 2025, respondiendo as\u00ed a una mayor demanda.<\/p>\n\n\n\n<p>\u201cIquitos es un destino emblem\u00e1tico que conecta a nuestros pasajeros con la riqueza natural y cultural de la Amazon\u00eda peruana. Durante esta celebraci\u00f3n, reafirmamos nuestro compromiso de seguir impulsando la conectividad hacia esta ciudad. Para el primer semestre de 2026 proyectamos transportar alrededor de 124 mil pasajeros en esta ruta, casi 12% m\u00e1s respecto al a\u00f1o anterior, facilitando as\u00ed el acceso tanto a turistas nacionales como extranjeros que desean descubrir todo lo que ofrece la ciudad amaz\u00f3nica\u201d, comenta Vania C\u00e1ceres, Subgerente de ventas de SKY en Per\u00fa.<\/p>\n\n\n\n<p>Iquitos es un destino ex\u00f3tico de aventura que atrae a viajeros nacionales e internacionales en busca de experiencias aut\u00e9nticas en la Amazon\u00eda, combinando turismo de disfrute, exploraci\u00f3n y propuestas familiares con alto valor vivencial. Su oferta \u2014que incluye reservas naturales, lodges en la selva, cruceros fluviales y una destacada gastronom\u00eda amaz\u00f3nica\u2014 lo posiciona como una puerta de entrada estrat\u00e9gica al ecosistema m\u00e1s biodiverso del pa\u00eds, con creciente demanda y potencial para fortalecer la conectividad a\u00e9rea, dinamizar el desarrollo regional y generar oportunidades sostenibles para la industria tur\u00edstica.<\/p>\n\n\n\n<p>El 26 de febrero, d\u00eda central de celebraci\u00f3n, se realizar\u00e1n la tradicional Misa Tedeum, el izamiento del Pabell\u00f3n Nacional, el desfile c\u00edvico y la Sesi\u00f3n Solemne en el Sal\u00f3n Las Am\u00e9ricas del Hotel de Turistas, culminando con una gran fiesta popular desde las 5:00 p.m. en los alrededores de la Plaza 28 de Julio, con presentaciones de artistas y m\u00fasicos locales. La programaci\u00f3n previa incluye actividades culturales, deportivas y ambientales como la Eco Feria y la campa\u00f1a \u201cD\u00eda Cero Pl\u00e1stico\u201d, inauguraci\u00f3n de murales art\u00edsticos, marat\u00f3n 5K y 10K, Mascotat\u00f3n, ferias gastron\u00f3micas y de artesanos, adem\u00e1s del tradicional concurso de motocarros, generando un ambiente festivo en toda la ciudad.<\/p>\n\n\n\n<p>\u201cEl mercado dom\u00e9stico peruano es clave para nosotros y queremos seguir consolidando nuestra presencia en el pa\u00eds. En 2026 continuaremos fortaleciendo nuestra operaci\u00f3n en Iquitos, evaluando nuevas alternativas que faciliten el acceso y nos permitan responder a la demanda, contribuyendo as\u00ed al impulso del turismo y la econom\u00eda regional\u201d, a\u00f1adi\u00f3 Vania C\u00e1ceres, Subgerente de Ventas de SKY en Per\u00fa.<\/p>\n\n\n\n<p>De esta manera, SKY reafirma su compromiso con el desarrollo del turismo dom\u00e9stico y la integraci\u00f3n de las regiones, contribuyendo al dinamismo econ\u00f3mico de destinos clave como Iquitos en una fecha tan significativa como su aniversario.<\/p>\n","protected":false},"excerpt":{"rendered":"<p>\u25cf&nbsp;&nbsp;&nbsp;&nbsp;&nbsp;&nbsp;&nbsp;&nbsp;&nbsp;&nbsp;&nbsp;&nbsp; Desde el inicio de su operaci\u00f3n dom\u00e9stica en abril de 2019, la aerol\u00ednea ha superado los 1.2 millones de viajeros transportados hacia y desde la ciudad. \u25cf&nbsp;&nbsp;&nbsp;&nbsp;&nbsp;&nbsp;&nbsp;&nbsp;&nbsp;&nbsp;&nbsp;&nbsp; SKY proyecta movilizar cerca de 124 mil pasajeros en el primer semestre de 2026, lo que representa un crecimiento cercano del 12% respecto al mismo periodo de [&hellip;]<\/p>\n","protected":false},"author":1,"featured_media":12459,"comment_status":"open","ping_status":"open","sticky":false,"template":"","format":"standard","meta":{"footnotes":""},"categories":[4],"tags":[],"class_list":["post-12458","post","type-post","status-publish","format-standard","has-post-thumbnail","hentry","category-negocios"],"_links":{"self":[{"href":"http:\/\/www.elcapital.pe\/index.php?rest_route=\/wp\/v2\/posts\/12458","targetHints":{"allow":["GET"]}}],"collection":[{"href":"http:\/\/www.elcapital.pe\/index.php?rest_route=\/wp\/v2\/posts"}],"about":[{"href":"http:\/\/www.elcapital.pe\/index.php?rest_route=\/wp\/v2\/types\/post"}],"author":[{"embeddable":true,"href":"http:\/\/www.elcapital.pe\/index.php?rest_route=\/wp\/v2\/users\/1"}],"replies":[{"embeddable":true,"href":"http:\/\/www.elcapital.pe\/index.php?rest_route=%2Fwp%2Fv2%2Fcomments&post=12458"}],"version-history":[{"count":1,"href":"http:\/\/www.elcapital.pe\/index.php?rest_route=\/wp\/v2\/posts\/12458\/revisions"}],"predecessor-version":[{"id":12460,"href":"http:\/\/www.elcapital.pe\/index.php?rest_route=\/wp\/v2\/posts\/12458\/revisions\/12460"}],"wp:featuredmedia":[{"embeddable":true,"href":"http:\/\/www.elcapital.pe\/index.php?rest_route=\/wp\/v2\/media\/12459"}],"wp:attachment":[{"href":"http:\/\/www.elcapital.pe\/index.php?rest_route=%2Fwp%2Fv2%2Fmedia&parent=12458"}],"wp:term":[{"taxonomy":"category","embeddable":true,"href":"http:\/\/www.elcapital.pe\/index.php?rest_route=%2Fwp%2Fv2%2Fcategories&post=12458"},{"taxonomy":"post_tag","embeddable":true,"href":"http:\/\/www.elcapital.pe\/index.php?rest_route=%2Fwp%2Fv2%2Ftags&post=12458"}],"curies":[{"name":"wp","href":"https:\/\/api.w.org\/{rel}","templated":true}]}}