{"id":12453,"date":"2026-02-23T22:02:17","date_gmt":"2026-02-24T03:02:17","guid":{"rendered":"https:\/\/www.elcapital.pe\/?p=12453"},"modified":"2026-02-23T23:23:48","modified_gmt":"2026-02-24T04:23:48","slug":"mas-de-600-migrantes-muertos-en-mediterraneoen-2026-oim","status":"publish","type":"post","link":"http:\/\/www.elcapital.pe\/?p=12453","title":{"rendered":"MAS DE 600 MIGRANTES MUERTOS EN MEDITERRANEO EN 2026 OIM"},"content":{"rendered":"\n<p>Se trata del inicio de a\u00f1o m\u00e1s mort\u00edfero en el Mediterr\u00e1neo, dijo la agencia de la ONU para las migraciones.<\/p>\n\n\n\n<p>Al menos 606 migrantes murieron o fueron declarados desaparecidos en el mar Mediterr\u00e1neo en lo que va de a\u00f1o, indic\u00f3 este lunes (23.02.2026) la Organizaci\u00f3n Internacional para las Migraciones (OIM).<\/p>\n\n\n\n<p>\u00abSe trata del inicio de a\u00f1o m\u00e1s mort\u00edfero en el Mediterr\u00e1neo desde que la OIM empez\u00f3 a recopilar estos datos en 2014\u00bb, explic\u00f3 la organizaci\u00f3n, una agencia de la ONU.<\/p>\n\n\n\n<p>Un portavoz de la organizaci\u00f3n estim\u00f3 que en el \u00faltimo naufragio frente a la isla griega de Creta el s\u00e1bado, \u00abal menos 30 migrantes se presumen desaparecidos o muertos tras el vuelco de su embarcaci\u00f3n debido al mal tiempo\u00bb.<\/p>\n\n\n\n<p>Seg\u00fan las autoridades griegas, hasta el momento solo se han recuperado cuatro cad\u00e1veres (tres hombres y una mujer), mientras que la b\u00fasqueda continu\u00f3 el lunes con cuatro lanchas patrulleras para encontrar posibles supervivientes.<\/p>\n\n\n\n<p>El s\u00e1bado, 20 personas fueron rescatadas en la zona mar\u00edtima de Kaloi Limenes por un buque mercante enviado al lugar por orden del Centro Griego de B\u00fasqueda y Rescate.<\/p>\n\n\n\n<p>Entre los 20 migrantes, principalmente sudaneses y egipcios, hab\u00eda cuatro menores.<\/p>\n\n\n\n<p>El mal tiempo provoc\u00f3 que la embarcaci\u00f3n, que parti\u00f3 de la ciudad portuaria de Trobuk, en Libia, el jueves 19 de febrero, naufragase este fin de semana a 20 millas n\u00e1uticas (37 kil\u00f3metros) al sur de Kali Limenes, una peque\u00f1a poblaci\u00f3n de Creta, explic\u00f3 la OIM, que hizo un llamado a aumentar la cooperaci\u00f3n regional y los esfuerzos de b\u00fasqueda y rescate en el Mediterr\u00e1neo central para salvar vidas y garantizar un desembarco seguro.<\/p>\n\n\n\n<p>Tambi\u00e9n advirti\u00f3 de que las redes de tr\u00e1fico y contrabando se aprovechan de los cruces peligrosos en embarcaciones que no est\u00e1n preparadas para navegar, exponiendo a los migrantes a \u00abgraves abusos\u00bb y a riesgos en la seguridad.<\/p>\n\n\n\n<p>jc (afp, efe)<\/p>\n","protected":false},"excerpt":{"rendered":"<p>Se trata del inicio de a\u00f1o m\u00e1s mort\u00edfero en el Mediterr\u00e1neo, dijo la agencia de la ONU para las migraciones. Al menos 606 migrantes murieron o fueron declarados desaparecidos en el mar Mediterr\u00e1neo en lo que va de a\u00f1o, indic\u00f3 este lunes (23.02.2026) la Organizaci\u00f3n Internacional para las Migraciones (OIM). \u00abSe trata del inicio de [&hellip;]<\/p>\n","protected":false},"author":1,"featured_media":12454,"comment_status":"open","ping_status":"open","sticky":false,"template":"","format":"standard","meta":{"footnotes":""},"categories":[2],"tags":[],"class_list":["post-12453","post","type-post","status-publish","format-standard","has-post-thumbnail","hentry","category-actualidad"],"_links":{"self":[{"href":"http:\/\/www.elcapital.pe\/index.php?rest_route=\/wp\/v2\/posts\/12453","targetHints":{"allow":["GET"]}}],"collection":[{"href":"http:\/\/www.elcapital.pe\/index.php?rest_route=\/wp\/v2\/posts"}],"about":[{"href":"http:\/\/www.elcapital.pe\/index.php?rest_route=\/wp\/v2\/types\/post"}],"author":[{"embeddable":true,"href":"http:\/\/www.elcapital.pe\/index.php?rest_route=\/wp\/v2\/users\/1"}],"replies":[{"embeddable":true,"href":"http:\/\/www.elcapital.pe\/index.php?rest_route=%2Fwp%2Fv2%2Fcomments&post=12453"}],"version-history":[{"count":2,"href":"http:\/\/www.elcapital.pe\/index.php?rest_route=\/wp\/v2\/posts\/12453\/revisions"}],"predecessor-version":[{"id":12456,"href":"http:\/\/www.elcapital.pe\/index.php?rest_route=\/wp\/v2\/posts\/12453\/revisions\/12456"}],"wp:featuredmedia":[{"embeddable":true,"href":"http:\/\/www.elcapital.pe\/index.php?rest_route=\/wp\/v2\/media\/12454"}],"wp:attachment":[{"href":"http:\/\/www.elcapital.pe\/index.php?rest_route=%2Fwp%2Fv2%2Fmedia&parent=12453"}],"wp:term":[{"taxonomy":"category","embeddable":true,"href":"http:\/\/www.elcapital.pe\/index.php?rest_route=%2Fwp%2Fv2%2Fcategories&post=12453"},{"taxonomy":"post_tag","embeddable":true,"href":"http:\/\/www.elcapital.pe\/index.php?rest_route=%2Fwp%2Fv2%2Ftags&post=12453"}],"curies":[{"name":"wp","href":"https:\/\/api.w.org\/{rel}","templated":true}]}}