{"id":12448,"date":"2026-02-23T21:50:12","date_gmt":"2026-02-24T02:50:12","guid":{"rendered":"https:\/\/www.elcapital.pe\/?p=12448"},"modified":"2026-02-23T23:24:13","modified_gmt":"2026-02-24T04:24:13","slug":"ataque-de-ee-uu-contra-lancha-deja-tres-muertos-en-el-caribe","status":"publish","type":"post","link":"http:\/\/www.elcapital.pe\/?p=12448","title":{"rendered":"ATAQUE DE EE.UU. CONTRA LANCHA DEJA TRES MUERTOS EN EL CARIBE\u00a0"},"content":{"rendered":"\n<p>El Comando Sur se\u00f1al\u00f3 que \u00abla embarcaci\u00f3n transitaba por rutas conocidas de narcotr\u00e1fico en el Caribe y estaba involucrada en operaciones\u00bb de tr\u00e1fico de drogas.<\/p>\n\n\n\n<p>Un ataque contra una lancha de narcotraficantes dej\u00f3 al menos tres hombres abatidos en el Caribe este lunes (23.02.2026), anunci\u00f3 el Comando Sur de Estados Unidos.<\/p>\n\n\n\n<p>Washington comenz\u00f3 a atacar embarcaciones cargadas de drogas a principios de septiembre y el \u00faltimo ataque eleva la cifra de muertos de la campa\u00f1a a por lo menos 150.<\/p>\n\n\n\n<p>&nbsp;\u00abLa embarcaci\u00f3n transitaba por rutas conocidas de narcotr\u00e1fico en el Caribe y estaba involucrada en operaciones de narcotr\u00e1fico\u00bb, se\u00f1al\u00f3 en la red social X el Comando Sur, responsable de las fuerzas estadounidenses en la regi\u00f3n.<\/p>\n\n\n\n<p>El gobierno de Donald Trump insiste en que est\u00e1 en guerra contra \u00abnarcoterroristas\u00bb que operan en Am\u00e9rica Latina, mientras que sus cr\u00edticos afirman que los ataques constituyen ejecuciones extrajudiciales.<\/p>\n\n\n\n<p>Estados Unidos invoca la misma legislaci\u00f3n que le permiti\u00f3 por m\u00e1s de dos d\u00e9cadas los ataques contra grupos yihadistas en \u00c1frica y Asia, como Al Qaeda, tras los ataques terroristas del 11 de septiembre de 2001.<\/p>\n\n\n\n<p>Adem\u00e1s, la gran fuerza naval desplegada por el Pent\u00e1gono en el Caribe tambi\u00e9n ha incautado petroleros y captur\u00f3 al l\u00edder del r\u00e9gimen izquierdista de Venezuela, Nicol\u00e1s Maduro.<\/p>\n\n\n\n<p>rr afp\/reuters\/efe<\/p>\n","protected":false},"excerpt":{"rendered":"<p>El Comando Sur se\u00f1al\u00f3 que \u00abla embarcaci\u00f3n transitaba por rutas conocidas de narcotr\u00e1fico en el Caribe y estaba involucrada en operaciones\u00bb de tr\u00e1fico de drogas. Un ataque contra una lancha de narcotraficantes dej\u00f3 al menos tres hombres abatidos en el Caribe este lunes (23.02.2026), anunci\u00f3 el Comando Sur de Estados Unidos. Washington comenz\u00f3 a atacar [&hellip;]<\/p>\n","protected":false},"author":1,"featured_media":12408,"comment_status":"open","ping_status":"open","sticky":false,"template":"","format":"standard","meta":{"footnotes":""},"categories":[2],"tags":[],"class_list":["post-12448","post","type-post","status-publish","format-standard","has-post-thumbnail","hentry","category-actualidad"],"_links":{"self":[{"href":"http:\/\/www.elcapital.pe\/index.php?rest_route=\/wp\/v2\/posts\/12448","targetHints":{"allow":["GET"]}}],"collection":[{"href":"http:\/\/www.elcapital.pe\/index.php?rest_route=\/wp\/v2\/posts"}],"about":[{"href":"http:\/\/www.elcapital.pe\/index.php?rest_route=\/wp\/v2\/types\/post"}],"author":[{"embeddable":true,"href":"http:\/\/www.elcapital.pe\/index.php?rest_route=\/wp\/v2\/users\/1"}],"replies":[{"embeddable":true,"href":"http:\/\/www.elcapital.pe\/index.php?rest_route=%2Fwp%2Fv2%2Fcomments&post=12448"}],"version-history":[{"count":2,"href":"http:\/\/www.elcapital.pe\/index.php?rest_route=\/wp\/v2\/posts\/12448\/revisions"}],"predecessor-version":[{"id":12457,"href":"http:\/\/www.elcapital.pe\/index.php?rest_route=\/wp\/v2\/posts\/12448\/revisions\/12457"}],"wp:featuredmedia":[{"embeddable":true,"href":"http:\/\/www.elcapital.pe\/index.php?rest_route=\/wp\/v2\/media\/12408"}],"wp:attachment":[{"href":"http:\/\/www.elcapital.pe\/index.php?rest_route=%2Fwp%2Fv2%2Fmedia&parent=12448"}],"wp:term":[{"taxonomy":"category","embeddable":true,"href":"http:\/\/www.elcapital.pe\/index.php?rest_route=%2Fwp%2Fv2%2Fcategories&post=12448"},{"taxonomy":"post_tag","embeddable":true,"href":"http:\/\/www.elcapital.pe\/index.php?rest_route=%2Fwp%2Fv2%2Ftags&post=12448"}],"curies":[{"name":"wp","href":"https:\/\/api.w.org\/{rel}","templated":true}]}}