{"id":12445,"date":"2026-02-23T21:37:02","date_gmt":"2026-02-24T02:37:02","guid":{"rendered":"https:\/\/www.elcapital.pe\/?p=12445"},"modified":"2026-02-23T21:37:02","modified_gmt":"2026-02-24T02:37:02","slug":"venezuela-excarcela-a-mas-presos-politicos-en-medio-de-la-aplicacion-de-la-ley-de-amnistia","status":"publish","type":"post","link":"http:\/\/www.elcapital.pe\/?p=12445","title":{"rendered":"VENEZUELA EXCARCELA A MAS PRESOS POLITICOS EN MEDIO DE LA APLICACI\u00d3N DE LA LEY DE AMNISTIA\u00a0"},"content":{"rendered":"\n<p>Una treintena de presos pol\u00edticos celebraron su libertad al salir este lunes de la c\u00e1rcel El Rodeo I, ubicada a unos 40 km de Caracas, tras beneficiarse de la ley de amnist\u00eda promulgada la semana pasada por el gobierno interino de Venezuela. \u201c\u00a1Somos libres!\u201d, exclamaron varios de ellos al abandonar el penal vestidos con camisas blancas y la cabeza rapada, mientras sus familiares los recib\u00edan entre aplausos y emoci\u00f3n.<\/p>\n\n\n\n<p>La ley de amnist\u00eda, aprobada por la Asamblea Nacional y sancionada el jueves pasado, ha permitido liberar a decenas de personas detenidas por motivos pol\u00edticos y conceder medidas cautelares a otras con restricciones judiciales. Seg\u00fan autoridades, hasta ahora se han registrado 177 liberaciones de presos bajo la amnist\u00eda y 2 021 personas han recuperado su libertad mediante la eliminaci\u00f3n de restricciones como la presentaci\u00f3n peri\u00f3dica ante tribunales.<\/p>\n\n\n\n<p>La organizaci\u00f3n no gubernamental Foro Penal ha reportado que en los \u00faltimos d\u00edas se han excarcelado al menos 50 personas tras la promulgaci\u00f3n de la nueva ley, aunque advierte que todav\u00eda hay cientos de detenidos por motivos pol\u00edticos que no han sido amnistiados.<\/p>\n\n\n\n<p>Mientras tanto, m\u00e1s de 200 presos pol\u00edticos iniciaron una huelga de hambre en El Rodeo I, en protesta por quedar excluidos de los beneficios de la amnist\u00eda debido a criterios legales que no los contemplan, como delitos relacionados con asuntos militares o terrorismo.<\/p>\n\n\n\n<p>El diputado opositor Antonio Ecarri, integrante de la comisi\u00f3n que supervisa la ejecuci\u00f3n de la ley, anunci\u00f3 que solicitar\u00e1 investigaciones contra los jueces que, a su juicio, est\u00e9n demorando la aplicaci\u00f3n de la norma.<\/p>\n","protected":false},"excerpt":{"rendered":"<p>Una treintena de presos pol\u00edticos celebraron su libertad al salir este lunes de la c\u00e1rcel El Rodeo I, ubicada a unos 40 km de Caracas, tras beneficiarse de la ley de amnist\u00eda promulgada la semana pasada por el gobierno interino de Venezuela. \u201c\u00a1Somos libres!\u201d, exclamaron varios de ellos al abandonar el penal vestidos con camisas [&hellip;]<\/p>\n","protected":false},"author":1,"featured_media":12446,"comment_status":"open","ping_status":"open","sticky":false,"template":"","format":"standard","meta":{"footnotes":""},"categories":[2],"tags":[],"class_list":["post-12445","post","type-post","status-publish","format-standard","has-post-thumbnail","hentry","category-actualidad"],"_links":{"self":[{"href":"http:\/\/www.elcapital.pe\/index.php?rest_route=\/wp\/v2\/posts\/12445","targetHints":{"allow":["GET"]}}],"collection":[{"href":"http:\/\/www.elcapital.pe\/index.php?rest_route=\/wp\/v2\/posts"}],"about":[{"href":"http:\/\/www.elcapital.pe\/index.php?rest_route=\/wp\/v2\/types\/post"}],"author":[{"embeddable":true,"href":"http:\/\/www.elcapital.pe\/index.php?rest_route=\/wp\/v2\/users\/1"}],"replies":[{"embeddable":true,"href":"http:\/\/www.elcapital.pe\/index.php?rest_route=%2Fwp%2Fv2%2Fcomments&post=12445"}],"version-history":[{"count":1,"href":"http:\/\/www.elcapital.pe\/index.php?rest_route=\/wp\/v2\/posts\/12445\/revisions"}],"predecessor-version":[{"id":12447,"href":"http:\/\/www.elcapital.pe\/index.php?rest_route=\/wp\/v2\/posts\/12445\/revisions\/12447"}],"wp:featuredmedia":[{"embeddable":true,"href":"http:\/\/www.elcapital.pe\/index.php?rest_route=\/wp\/v2\/media\/12446"}],"wp:attachment":[{"href":"http:\/\/www.elcapital.pe\/index.php?rest_route=%2Fwp%2Fv2%2Fmedia&parent=12445"}],"wp:term":[{"taxonomy":"category","embeddable":true,"href":"http:\/\/www.elcapital.pe\/index.php?rest_route=%2Fwp%2Fv2%2Fcategories&post=12445"},{"taxonomy":"post_tag","embeddable":true,"href":"http:\/\/www.elcapital.pe\/index.php?rest_route=%2Fwp%2Fv2%2Ftags&post=12445"}],"curies":[{"name":"wp","href":"https:\/\/api.w.org\/{rel}","templated":true}]}}