{"id":12442,"date":"2026-02-23T21:26:41","date_gmt":"2026-02-24T02:26:41","guid":{"rendered":"https:\/\/www.elcapital.pe\/?p=12442"},"modified":"2026-02-23T21:26:41","modified_gmt":"2026-02-24T02:26:41","slug":"la-fuerza-aerea-del-peru-fap-confirmo-el-hallazgo-del-helicoptero-mi-17-que-perdio-contacto-radial-el-domingo-22-de-febrero","status":"publish","type":"post","link":"http:\/\/www.elcapital.pe\/?p=12442","title":{"rendered":"LA FUERZA AEREA DEL PERU (FAP) CONFIRMO EL HALLAZGO DEL HELICOPTERO MI-17 QUE PERDIO CONTACTO RADIAL EL DOMINGO 22 DE FEBRERO\u00a0"},"content":{"rendered":"\n<p>Durante una misi\u00f3n programada en la regi\u00f3n Arequipa. La instituci\u00f3n inform\u00f3 adem\u00e1s el fallecimiento de los 15 ocupantes de la aeronave: cuatro tripulantes y once pasajeros, entre ellos siete menores de edad.<\/p>\n\n\n\n<p>Seg\u00fan el comunicado oficial difundido este lunes, los restos de la nave fueron ubicados en una zona monta\u00f1osa de Chala Viejo, distrito de Chala, provincia de Caravel\u00ed, tras intensificarse las labores de b\u00fasqueda. En el operativo participaron equipos de rescate de la FAP, as\u00ed como patrullas policiales y fuerzas especiales, quienes lograron acceder al \u00e1rea pese a las dif\u00edciles condiciones geogr\u00e1ficas.<\/p>\n\n\n\n<p>La interrupci\u00f3n de las comunicaciones se produjo alrededor de las 16:30 horas, cuando el helic\u00f3ptero cumpl\u00eda su ruta habitual. El hallazgo se realiz\u00f3 a unos siete kil\u00f3metros del sector conocido como Chala Viejo, en el sur del pa\u00eds.<\/p>\n","protected":false},"excerpt":{"rendered":"<p>Durante una misi\u00f3n programada en la regi\u00f3n Arequipa. La instituci\u00f3n inform\u00f3 adem\u00e1s el fallecimiento de los 15 ocupantes de la aeronave: cuatro tripulantes y once pasajeros, entre ellos siete menores de edad. Seg\u00fan el comunicado oficial difundido este lunes, los restos de la nave fueron ubicados en una zona monta\u00f1osa de Chala Viejo, distrito de [&hellip;]<\/p>\n","protected":false},"author":1,"featured_media":12443,"comment_status":"open","ping_status":"open","sticky":false,"template":"","format":"standard","meta":{"footnotes":""},"categories":[2],"tags":[],"class_list":["post-12442","post","type-post","status-publish","format-standard","has-post-thumbnail","hentry","category-actualidad"],"_links":{"self":[{"href":"http:\/\/www.elcapital.pe\/index.php?rest_route=\/wp\/v2\/posts\/12442","targetHints":{"allow":["GET"]}}],"collection":[{"href":"http:\/\/www.elcapital.pe\/index.php?rest_route=\/wp\/v2\/posts"}],"about":[{"href":"http:\/\/www.elcapital.pe\/index.php?rest_route=\/wp\/v2\/types\/post"}],"author":[{"embeddable":true,"href":"http:\/\/www.elcapital.pe\/index.php?rest_route=\/wp\/v2\/users\/1"}],"replies":[{"embeddable":true,"href":"http:\/\/www.elcapital.pe\/index.php?rest_route=%2Fwp%2Fv2%2Fcomments&post=12442"}],"version-history":[{"count":1,"href":"http:\/\/www.elcapital.pe\/index.php?rest_route=\/wp\/v2\/posts\/12442\/revisions"}],"predecessor-version":[{"id":12444,"href":"http:\/\/www.elcapital.pe\/index.php?rest_route=\/wp\/v2\/posts\/12442\/revisions\/12444"}],"wp:featuredmedia":[{"embeddable":true,"href":"http:\/\/www.elcapital.pe\/index.php?rest_route=\/wp\/v2\/media\/12443"}],"wp:attachment":[{"href":"http:\/\/www.elcapital.pe\/index.php?rest_route=%2Fwp%2Fv2%2Fmedia&parent=12442"}],"wp:term":[{"taxonomy":"category","embeddable":true,"href":"http:\/\/www.elcapital.pe\/index.php?rest_route=%2Fwp%2Fv2%2Fcategories&post=12442"},{"taxonomy":"post_tag","embeddable":true,"href":"http:\/\/www.elcapital.pe\/index.php?rest_route=%2Fwp%2Fv2%2Ftags&post=12442"}],"curies":[{"name":"wp","href":"https:\/\/api.w.org\/{rel}","templated":true}]}}