{"id":12436,"date":"2026-02-23T21:03:34","date_gmt":"2026-02-24T02:03:34","guid":{"rendered":"https:\/\/www.elcapital.pe\/?p=12436"},"modified":"2026-02-23T21:05:05","modified_gmt":"2026-02-24T02:05:05","slug":"copecoh-presentara-estudio-de-inteligencia-del-sector-cosmetico-e-higiene-personal-con-proyecciones-al-2026","status":"publish","type":"post","link":"http:\/\/www.elcapital.pe\/?p=12436","title":{"rendered":"COPECOH PRESENTAR\u00c1 ESTUDIO DE INTELIGENCIA DEL SECTOR COSM\u00c9TICO E HIGIENE PERSONAL CON PROYECCIONES AL 2026"},"content":{"rendered":"\n<p>\u2022&nbsp;&nbsp;&nbsp;&nbsp;&nbsp;&nbsp;&nbsp;&nbsp;&nbsp;&nbsp;&nbsp;&nbsp; El evento se desarrollar\u00e1 el 3 de marzo en la sede de la C\u00e1mara de Comercio de Lima, con la participaci\u00f3n de l\u00edderes del sector que analizar\u00e1n el desempe\u00f1o del mercado, las tendencias del consumo y los escenarios futuros.<\/p>\n\n\n\n<p>El Gremio Peruano de Cosm\u00e9tica, Higiene Personal y Aseo Dom\u00e9stico (COPECOH) de la C\u00e1mara de Comercio de Lima (CCL) presentar\u00e1 el Estudio de Inteligencia Comercial \u2013 Resultados 2025 y proyecciones 2026, el cual se llevar\u00e1 a cabo el 3 de marzo en la sede gremial de Jes\u00fas Mar\u00eda.<\/p>\n\n\n\n<p>El estudio presentar\u00e1 los resultados del desempe\u00f1o del mercado, las principales tendencias del consumo y la din\u00e1mica competitiva del sector, sustentados en m\u00e1s de 20 a\u00f1os de informaci\u00f3n hist\u00f3rica y conocimiento continuo.<\/p>\n\n\n\n<p>\u201cEste documento, adem\u00e1s, ofrece informaci\u00f3n estrat\u00e9gica, estructurada y validada, resultado de dos d\u00e9cadas de monitoreo permanente del mercado, orientada a brindar una visi\u00f3n integral confiable del sector cosm\u00e9tico y de higiene personal\u201d, manifest\u00f3 \u00c1ngel Acevedo, presidente del Gremio COPECOH, encargado de presentar el estudio.<\/p>\n\n\n\n<p>Asimismo, se brindar\u00e1 insights clave para la planificaci\u00f3n comercial, la toma de decisiones estrat\u00e9gicas y la identificaci\u00f3n de oportunidades de crecimiento, en un contexto de constante transformaci\u00f3n del mercado.<\/p>\n\n\n\n<p>Este encuentro est\u00e1 dirigido a gerentes generales, gerentes de primera l\u00ednea de empresas comercializadoras, distribuidoras, importadoras, as\u00ed como representantes de marcas, fabricantes y cales de venta, y se llevar\u00e1 a cabo en las instalaciones la C\u00e1mara de Comercio de Lima.<\/p>\n","protected":false},"excerpt":{"rendered":"<p>\u2022&nbsp;&nbsp;&nbsp;&nbsp;&nbsp;&nbsp;&nbsp;&nbsp;&nbsp;&nbsp;&nbsp;&nbsp; El evento se desarrollar\u00e1 el 3 de marzo en la sede de la C\u00e1mara de Comercio de Lima, con la participaci\u00f3n de l\u00edderes del sector que analizar\u00e1n el desempe\u00f1o del mercado, las tendencias del consumo y los escenarios futuros. El Gremio Peruano de Cosm\u00e9tica, Higiene Personal y Aseo Dom\u00e9stico (COPECOH) de la C\u00e1mara de [&hellip;]<\/p>\n","protected":false},"author":1,"featured_media":12437,"comment_status":"open","ping_status":"open","sticky":false,"template":"","format":"standard","meta":{"footnotes":""},"categories":[4],"tags":[],"class_list":["post-12436","post","type-post","status-publish","format-standard","has-post-thumbnail","hentry","category-negocios"],"_links":{"self":[{"href":"http:\/\/www.elcapital.pe\/index.php?rest_route=\/wp\/v2\/posts\/12436","targetHints":{"allow":["GET"]}}],"collection":[{"href":"http:\/\/www.elcapital.pe\/index.php?rest_route=\/wp\/v2\/posts"}],"about":[{"href":"http:\/\/www.elcapital.pe\/index.php?rest_route=\/wp\/v2\/types\/post"}],"author":[{"embeddable":true,"href":"http:\/\/www.elcapital.pe\/index.php?rest_route=\/wp\/v2\/users\/1"}],"replies":[{"embeddable":true,"href":"http:\/\/www.elcapital.pe\/index.php?rest_route=%2Fwp%2Fv2%2Fcomments&post=12436"}],"version-history":[{"count":1,"href":"http:\/\/www.elcapital.pe\/index.php?rest_route=\/wp\/v2\/posts\/12436\/revisions"}],"predecessor-version":[{"id":12438,"href":"http:\/\/www.elcapital.pe\/index.php?rest_route=\/wp\/v2\/posts\/12436\/revisions\/12438"}],"wp:featuredmedia":[{"embeddable":true,"href":"http:\/\/www.elcapital.pe\/index.php?rest_route=\/wp\/v2\/media\/12437"}],"wp:attachment":[{"href":"http:\/\/www.elcapital.pe\/index.php?rest_route=%2Fwp%2Fv2%2Fmedia&parent=12436"}],"wp:term":[{"taxonomy":"category","embeddable":true,"href":"http:\/\/www.elcapital.pe\/index.php?rest_route=%2Fwp%2Fv2%2Fcategories&post=12436"},{"taxonomy":"post_tag","embeddable":true,"href":"http:\/\/www.elcapital.pe\/index.php?rest_route=%2Fwp%2Fv2%2Ftags&post=12436"}],"curies":[{"name":"wp","href":"https:\/\/api.w.org\/{rel}","templated":true}]}}