{"id":12245,"date":"2026-02-13T21:09:39","date_gmt":"2026-02-14T02:09:39","guid":{"rendered":"http:\/\/www.elcapital.pe\/?p=12245"},"modified":"2026-02-13T21:09:39","modified_gmt":"2026-02-14T02:09:39","slug":"san-valentin-2026-el-amor-pone-a-la-ciudad-en-movimiento","status":"publish","type":"post","link":"http:\/\/www.elcapital.pe\/?p=12245","title":{"rendered":"SAN VALENTIN 2026: EL AMOR PONE A LA CIUDAD EN MOVIMIENTO\u00a0"},"content":{"rendered":"\n<p>\u25cf&nbsp;&nbsp;&nbsp;&nbsp;&nbsp;&nbsp;&nbsp;&nbsp;&nbsp;&nbsp;&nbsp;&nbsp; Proyecciones de Cabify muestran que el festejo se extender\u00e1 todo el fin de semana, con picos de demanda en Lima Norte, Sur y Centro.<\/p>\n\n\n\n<p>Este a\u00f1o, el 14 de febrero cae s\u00e1bado, un factor que transformar\u00e1 la movilidad de la capital. Seg\u00fan estimaciones de Cabify, la ciudad no solo vivir\u00e1 una fecha central congestionada, sino una \u00abcelebraci\u00f3n extendida\u00bb de 48 horas que pondr\u00e1 a prueba la movilidad urbana. Ante este incremento masivo de desplazamientos, la compa\u00f1\u00eda pone el foco en la seguridad como el eje principal para quienes decidan celebrar fuera de casa.<\/p>\n\n\n\n<p>El movimiento empezar\u00e1 a sentirse desde el viernes 13 a las 6:00 p.m. con un aumento del 25% en la demanda, que podr\u00eda escalar al 35% hacia la medianoche. En este periodo, San Isidro duplicar\u00e1 su demanda habitual, consolid\u00e1ndose como el punto de partida de las celebraciones tras la jornada laboral.<\/p>\n\n\n\n<p>El s\u00e1bado 14 ser\u00e1 el d\u00eda de mayor intensidad. Por la ma\u00f1ana, zonas gastron\u00f3micas en la Costa Verde, Miraflores y Barranco registrar\u00e1n incrementos de hasta 150%. Al caer la noche, la ciudad se encender\u00e1 y la calle Berl\u00edn y el Boulevard de Barranco liderar\u00e1n con picos de entre 220% y 300%, mientras que en Surco (Chacarilla y El Polo) la demanda subir\u00e1 un 160%.<\/p>\n\n\n\n<p>Para cerrar el fin de semana, el domingo el movimiento se trasladar\u00e1 con fuerza hacia los centros comerciales. Lima Norte ser\u00e1 el protagonista, con Mega Plaza y Plaza Norte registrando un incremento del 150% en la demanda de viajes.<\/p>\n\n\n\n<p>La seguridad no es negociable ante el caos vehicular<\/p>\n\n\n\n<p>Con una ciudad operando a su m\u00e1xima capacidad y viajes hasta 15% m\u00e1s lentos entre las 6:00 p. m. y las 9:00 p. m. como resultado del tr\u00e1fico, el riesgo de optar por diferentes medios para moverse y \u00abahorrar tiempo\u00bb aumenta. Por ello, Cabify advierte que la seguridad debe ser la prioridad n\u00famero uno sobre todo en escenarios como estos.<\/p>\n\n\n\n<p>\u00abSabemos que en San Valent\u00edn la urgencia por llegar al destino es alta, pero el costo de la inseguridad es mucho mayor. Nuestro compromiso es ofrecer una alternativa con los est\u00e1ndares m\u00e1s altos de seguridad en la industria\u00bb, comenta Fausto Li\u00f1an, Head of Business Strategy &amp; Growth en Cabify.<\/p>\n\n\n\n<p>Por ello, Cabify presenta una gu\u00eda de movilidad segura para el 14 de febrero simple y f\u00e1cil de seguir:<\/p>\n\n\n\n<p>1.&nbsp;&nbsp;&nbsp;&nbsp;&nbsp;&nbsp;&nbsp;&nbsp;&nbsp;&nbsp;&nbsp; Planificaci\u00f3n inteligente: ante el aumento del 35% en la demanda desde el viernes por la noche, se sugiere reservar los viajes con antelaci\u00f3n a trav\u00e9s de la app.<\/p>\n\n\n\n<p>2.&nbsp;&nbsp;&nbsp;&nbsp;&nbsp;&nbsp;&nbsp;&nbsp;&nbsp;&nbsp;&nbsp; Verificaci\u00f3n obligatoria: antes de subir al auto, confirmar que la identidad del conductor y los datos del veh\u00edculo coincida estrictamente con la informaci\u00f3n proporcionada en la app.<\/p>\n\n\n\n<p>3.&nbsp;&nbsp;&nbsp;&nbsp;&nbsp;&nbsp;&nbsp;&nbsp;&nbsp;&nbsp;&nbsp; Monitoreo compartido: utilizar la opci\u00f3n de \u00abcompartir viaje\u00bb con amigos o familiares, especialmente durante los retornos de madrugada desde zonas de alta concurrencia.<\/p>\n\n\n\n<p>La empresa destaca que, frente a la saturaci\u00f3n de zonas aleda\u00f1as al Parque del Amor o El Olivar (donde el movimiento crecer\u00e1 un 200%), es importante planificar las celebraciones del 14 de febrero con anticipaci\u00f3n y tomar las precauciones debidas para desplazarse de manera segura.<\/p>\n\n\n\n<p><\/p>\n","protected":false},"excerpt":{"rendered":"<p>\u25cf&nbsp;&nbsp;&nbsp;&nbsp;&nbsp;&nbsp;&nbsp;&nbsp;&nbsp;&nbsp;&nbsp;&nbsp; Proyecciones de Cabify muestran que el festejo se extender\u00e1 todo el fin de semana, con picos de demanda en Lima Norte, Sur y Centro. Este a\u00f1o, el 14 de febrero cae s\u00e1bado, un factor que transformar\u00e1 la movilidad de la capital. Seg\u00fan estimaciones de Cabify, la ciudad no solo vivir\u00e1 una fecha central congestionada, [&hellip;]<\/p>\n","protected":false},"author":1,"featured_media":12246,"comment_status":"open","ping_status":"open","sticky":false,"template":"","format":"standard","meta":{"footnotes":""},"categories":[4],"tags":[],"class_list":["post-12245","post","type-post","status-publish","format-standard","has-post-thumbnail","hentry","category-negocios"],"_links":{"self":[{"href":"http:\/\/www.elcapital.pe\/index.php?rest_route=\/wp\/v2\/posts\/12245","targetHints":{"allow":["GET"]}}],"collection":[{"href":"http:\/\/www.elcapital.pe\/index.php?rest_route=\/wp\/v2\/posts"}],"about":[{"href":"http:\/\/www.elcapital.pe\/index.php?rest_route=\/wp\/v2\/types\/post"}],"author":[{"embeddable":true,"href":"http:\/\/www.elcapital.pe\/index.php?rest_route=\/wp\/v2\/users\/1"}],"replies":[{"embeddable":true,"href":"http:\/\/www.elcapital.pe\/index.php?rest_route=%2Fwp%2Fv2%2Fcomments&post=12245"}],"version-history":[{"count":1,"href":"http:\/\/www.elcapital.pe\/index.php?rest_route=\/wp\/v2\/posts\/12245\/revisions"}],"predecessor-version":[{"id":12247,"href":"http:\/\/www.elcapital.pe\/index.php?rest_route=\/wp\/v2\/posts\/12245\/revisions\/12247"}],"wp:featuredmedia":[{"embeddable":true,"href":"http:\/\/www.elcapital.pe\/index.php?rest_route=\/wp\/v2\/media\/12246"}],"wp:attachment":[{"href":"http:\/\/www.elcapital.pe\/index.php?rest_route=%2Fwp%2Fv2%2Fmedia&parent=12245"}],"wp:term":[{"taxonomy":"category","embeddable":true,"href":"http:\/\/www.elcapital.pe\/index.php?rest_route=%2Fwp%2Fv2%2Fcategories&post=12245"},{"taxonomy":"post_tag","embeddable":true,"href":"http:\/\/www.elcapital.pe\/index.php?rest_route=%2Fwp%2Fv2%2Ftags&post=12245"}],"curies":[{"name":"wp","href":"https:\/\/api.w.org\/{rel}","templated":true}]}}