{"id":12242,"date":"2026-02-13T21:04:18","date_gmt":"2026-02-14T02:04:18","guid":{"rendered":"http:\/\/www.elcapital.pe\/?p=12242"},"modified":"2026-02-13T21:04:18","modified_gmt":"2026-02-14T02:04:18","slug":"la-climatizacion-del-hogar-gana-protagonismo-en-ecuador-y-marca-las-principales-tendencias-de-consumo-para-2026-de-acuerdo-con-nielsen-iq","status":"publish","type":"post","link":"http:\/\/www.elcapital.pe\/?p=12242","title":{"rendered":"LA CLIMATIZACION DEL HOGAR GANA PROTAGONISMO EN ECUADOR Y MARCA LAS PRINCIPALES TENDENCIAS DE CONSUMO PARA 2026, DE ACUERDO CON NIELSEN IQ\u00a0\u00a0\u00a0"},"content":{"rendered":"\n<p>\u2022 El mercado de aires acondicionados creci\u00f3 30% en 2025 frente a 2024, impulsado por las altas temperaturas y una mayor prioridad del confort en los hogares.<\/p>\n\n\n\n<p>\u2022 El 70% del consumo se concentra en modelos por debajo de USD 500, reflejando una preferencia por soluciones accesibles y eficientes.<\/p>\n\n\n\n<p>\u2022 La regi\u00f3n Costa lidera la demanda por impacto clim\u00e1tico, mientras que Guayaquil registra picos de venta asociados a eventos promocionales como el Black Friday.<\/p>\n\n\n\n<p>Ecuador &#8211; NielsenIQ (NIQ), compa\u00f1\u00eda l\u00edder global en medici\u00f3n e inteligencia del consumidor, present\u00f3 su m\u00e1s reciente an\u00e1lisis sobre el mercado de aires acondicionados en Ecuador, tomando como base el desempe\u00f1o registrado en 2025, que permite identificar las principales din\u00e1micas que est\u00e1n configurando el consumo durante 2026.<\/p>\n\n\n\n<p>De acuerdo con los indicadores de Retail Intelligence de NIQ, el tama\u00f1o del mercado de aires acondicionados aument\u00f3 30% en 2025 en comparaci\u00f3n con el a\u00f1o anterior, confirmando una tendencia sostenida hacia la climatizaci\u00f3n del hogar. Este comportamiento responde, principalmente, a las olas de calor registradas en diversas regiones del pa\u00eds, as\u00ed como a una mayor conciencia del bienestar y la comodidad dentro del hogar.<\/p>\n\n\n\n<p>\u201cLos resultados de 2025 confirman que la climatizaci\u00f3n dej\u00f3 de ser una compra ocasional para convertirse en una necesidad estructural en los hogares ecuatorianos. Las altas temperaturas, especialmente en la regi\u00f3n Costa, est\u00e1n redefiniendo los patrones de consumo y todo indica que esta demanda se mantendr\u00e1 activa durante 2026, tanto por factores clim\u00e1ticos como por una mayor madurez del mercado\u201d, se\u00f1al\u00f3 Vinicio Granda, Retail Customer Success Lead para NIQ Per\u00fa y Ecuador.<\/p>\n\n\n\n<p>Estacionalidad y canales: comportamientos diferenciados por regi\u00f3n<\/p>\n\n\n\n<p>El an\u00e1lisis de NIQ evidencia que las olas de calor impulsan significativamente las ventas de aires acondicionados en toda la regi\u00f3n Costa; mientras que, en Guayaquil el consumo se ve intensificado durante eventos de descuentos masivos, como el Black Friday, reflejando din\u00e1micas de compra distintas seg\u00fan la estacionalidad y los h\u00e1bitos del consumidor.<\/p>\n\n\n\n<p>En t\u00e9rminos de canales, la venta en tienda f\u00edsica contin\u00faa predominando, con una diferencia superior a 9 puntos porcentuales frente al canal online. No obstante, ambos canales muestran una evoluci\u00f3n positiva: el canal online registra un crecimiento superior al 50%, mientras que el canal offline crece cerca de 29%, evidenciando una expansi\u00f3n general del mercado y una convivencia entre experiencias presenciales y digitales.<\/p>\n\n\n\n<p>Preferencias del consumidor: accesibilidad, tipo de equipo y mayor potencia<\/p>\n\n\n\n<p>El consumidor ecuatoriano prioriza soluciones funcionales y accesibles. En 2025, el 70% de las unidades vendidas correspondi\u00f3 a modelos con precios inferiores a USD 500, consolidando una clara sensibilidad al precio en un contexto de alta demanda por climatizaci\u00f3n.<\/p>\n\n\n\n<p>Por tipo de producto, los aires acondicionados tipo \u201cSplit de pared no inverter\u201d dominan el mercado, posicion\u00e1ndose como la alternativa preferida gracias a su dise\u00f1o, desempe\u00f1o y eficiencia frente a temperaturas extremas. Asimismo, se observa un creciente inter\u00e9s por equipos de mayor capacidad, destacando el aumento en la demanda de modelos entre 17.000 y 20.000 BTU, asociados a la necesidad de climatizar espacios m\u00e1s amplios y enfrentar condiciones clim\u00e1ticas m\u00e1s severas.<\/p>\n\n\n\n<p>Un mercado que consolida su relevancia dentro del consumo<\/p>\n\n\n\n<p>Con un consumidor cada vez m\u00e1s racional y enfocado en el confort del hogar, el mercado de aires acondicionados se consolida como una de las categor\u00edas m\u00e1s din\u00e1micas dentro de los electrodom\u00e9sticos en Ecuador. Para retailers y fabricantes, el desaf\u00edo estar\u00e1 en capitalizar la estacionalidad, optimizar surtido y precios, y responder a un entorno donde la climatizaci\u00f3n seguir\u00e1 ganando relevancia dentro de las decisiones de consumo durante 2026.<\/p>\n\n\n\n<p>.<\/p>\n\n\n\n<p><\/p>\n","protected":false},"excerpt":{"rendered":"<p>\u2022 El mercado de aires acondicionados creci\u00f3 30% en 2025 frente a 2024, impulsado por las altas temperaturas y una mayor prioridad del confort en los hogares. \u2022 El 70% del consumo se concentra en modelos por debajo de USD 500, reflejando una preferencia por soluciones accesibles y eficientes. \u2022 La regi\u00f3n Costa lidera la [&hellip;]<\/p>\n","protected":false},"author":1,"featured_media":12243,"comment_status":"open","ping_status":"open","sticky":false,"template":"","format":"standard","meta":{"footnotes":""},"categories":[4],"tags":[],"class_list":["post-12242","post","type-post","status-publish","format-standard","has-post-thumbnail","hentry","category-negocios"],"_links":{"self":[{"href":"http:\/\/www.elcapital.pe\/index.php?rest_route=\/wp\/v2\/posts\/12242","targetHints":{"allow":["GET"]}}],"collection":[{"href":"http:\/\/www.elcapital.pe\/index.php?rest_route=\/wp\/v2\/posts"}],"about":[{"href":"http:\/\/www.elcapital.pe\/index.php?rest_route=\/wp\/v2\/types\/post"}],"author":[{"embeddable":true,"href":"http:\/\/www.elcapital.pe\/index.php?rest_route=\/wp\/v2\/users\/1"}],"replies":[{"embeddable":true,"href":"http:\/\/www.elcapital.pe\/index.php?rest_route=%2Fwp%2Fv2%2Fcomments&post=12242"}],"version-history":[{"count":1,"href":"http:\/\/www.elcapital.pe\/index.php?rest_route=\/wp\/v2\/posts\/12242\/revisions"}],"predecessor-version":[{"id":12244,"href":"http:\/\/www.elcapital.pe\/index.php?rest_route=\/wp\/v2\/posts\/12242\/revisions\/12244"}],"wp:featuredmedia":[{"embeddable":true,"href":"http:\/\/www.elcapital.pe\/index.php?rest_route=\/wp\/v2\/media\/12243"}],"wp:attachment":[{"href":"http:\/\/www.elcapital.pe\/index.php?rest_route=%2Fwp%2Fv2%2Fmedia&parent=12242"}],"wp:term":[{"taxonomy":"category","embeddable":true,"href":"http:\/\/www.elcapital.pe\/index.php?rest_route=%2Fwp%2Fv2%2Fcategories&post=12242"},{"taxonomy":"post_tag","embeddable":true,"href":"http:\/\/www.elcapital.pe\/index.php?rest_route=%2Fwp%2Fv2%2Ftags&post=12242"}],"curies":[{"name":"wp","href":"https:\/\/api.w.org\/{rel}","templated":true}]}}