{"id":12121,"date":"2026-02-09T23:59:24","date_gmt":"2026-02-10T04:59:24","guid":{"rendered":"http:\/\/www.elcapital.pe\/?p=12121"},"modified":"2026-02-09T23:59:24","modified_gmt":"2026-02-10T04:59:24","slug":"amnistia-internacional-denuncia-escalada-de-detenciones-arbitrarias-en-cuba","status":"publish","type":"post","link":"http:\/\/www.elcapital.pe\/?p=12121","title":{"rendered":"AMNISTIA INTERNACIONAL DENUNCIA \u201cESCALADA DE DETENCIONES ARBITRARIAS\u201d EN CUBA\u00a0"},"content":{"rendered":"\n<p>Entre los arrestados figuran Ernesto Ricardo Medina y Kamil Zayas P\u00e9rez, integrantes del proyecto audiovisual El4tico, que cuenta con miles de seguidores en redes sociales.<\/p>\n\n\n\n<p>Amnist\u00eda Internacional (AI) denunci\u00f3 este lunes (09.02.2026) una \u201cescalada de detenciones arbitrarias\u201d en Cuba y expres\u00f3 su preocupaci\u00f3n por el \u201calarmante estado de salud\u201d de varios presos pol\u00edticos en la isla.<\/p>\n\n\n\n<p>\u201cAmnist\u00eda Internacional est\u00e1 profundamente preocupada por el aumento de detenciones arbitrarias, la vigilancia ilegal y el acoso contra familiares de presos de conciencia en Cuba\u201d, se\u00f1al\u00f3 la organizaci\u00f3n en un comunicado.<\/p>\n\n\n\n<p>Diversas organizaciones de derechos humanos, la Sociedad Interamericana de Prensa (SIP) y la Embajada de Estados Unidos en La Habana tambi\u00e9n condenaron la detenci\u00f3n, el \u00faltimo viernes en la provincia de Holgu\u00edn (noreste), de Ernesto Ricardo Medina y Kamil Zayas P\u00e9rez, miembros del proyecto audiovisual El4tico. Ambos han utilizado las redes sociales para mostrar su visi\u00f3n de la realidad que atraviesa el pa\u00eds \u2014sumido en una profunda crisis econ\u00f3mica\u2014 y para criticar abiertamente al Gobierno cubano.<\/p>\n\n\n\n<p>Seg\u00fan AI, las detenciones de corta duraci\u00f3n forman parte de una estrategia sistem\u00e1tica para inhibir la disidencia. \u201cLas detenciones arbitrarias temporales constituyen un patr\u00f3n recurrente de pr\u00e1cticas autoritarias que el Estado cubano emplea para castigar y disuadir cualquier forma de oposici\u00f3n\u201d, afirm\u00f3 Johanna Cilano, investigadora de Amnist\u00eda Internacional para el Caribe.<\/p>\n\n\n\n<p>Preocupa la salud de presos pol\u00edticos<\/p>\n\n\n\n<p>La organizaci\u00f3n tambi\u00e9n manifest\u00f3 su inquietud por el \u201calarmante estado de salud\u201d de varios presos de conciencia, entre ellos F\u00e9lix Navarro, integrante de la Uni\u00f3n Patri\u00f3tica de Cuba (Unpacu), movimiento opositor fundado por el dirigente disidente Jos\u00e9 Daniel Ferrer, actualmente en el exilio.<\/p>\n\n\n\n<p>Asimismo, AI expres\u00f3 preocupaci\u00f3n por el rapero y activista Maykel Castillo P\u00e9rez, conocido como Maykel \u201cOsorbo\u201d y coautor de la canci\u00f3n Patria y Vida. El artista fue trasladado recientemente de prisi\u00f3n sin que, seg\u00fan la organizaci\u00f3n, se informara oportunamente a sus familiares.<\/p>\n\n\n\n<p>Amnist\u00eda Internacional se\u00f1al\u00f3 que sigue \u201cde cerca\u201d la situaci\u00f3n del artista y activista Luis Manuel Otero Alc\u00e1ntara, tambi\u00e9n considerado preso de conciencia.<\/p>\n\n\n\n<p>Finalmente, la organizaci\u00f3n reiter\u00f3 su llamado al Gobierno cubano para que libere a \u201ctodos los presos de conciencia\u201d y ponga fin a las detenciones arbitrarias, la vigilancia ilegal y el hostigamiento contra opositores y sus familiares.<\/p>\n\n\n\n<p>El Gobierno de Cuba niega la existencia de presos pol\u00edticos en la isla y sostiene que los opositores act\u00faan como \u201cmercenarios\u201d al servicio de Estados Unidos.<\/p>\n\n\n\n<p>gs (afp, Cibercuba)<\/p>\n","protected":false},"excerpt":{"rendered":"<p>Entre los arrestados figuran Ernesto Ricardo Medina y Kamil Zayas P\u00e9rez, integrantes del proyecto audiovisual El4tico, que cuenta con miles de seguidores en redes sociales. Amnist\u00eda Internacional (AI) denunci\u00f3 este lunes (09.02.2026) una \u201cescalada de detenciones arbitrarias\u201d en Cuba y expres\u00f3 su preocupaci\u00f3n por el \u201calarmante estado de salud\u201d de varios presos pol\u00edticos en la [&hellip;]<\/p>\n","protected":false},"author":1,"featured_media":12122,"comment_status":"open","ping_status":"open","sticky":false,"template":"","format":"standard","meta":{"footnotes":""},"categories":[2],"tags":[],"class_list":["post-12121","post","type-post","status-publish","format-standard","has-post-thumbnail","hentry","category-actualidad"],"_links":{"self":[{"href":"http:\/\/www.elcapital.pe\/index.php?rest_route=\/wp\/v2\/posts\/12121","targetHints":{"allow":["GET"]}}],"collection":[{"href":"http:\/\/www.elcapital.pe\/index.php?rest_route=\/wp\/v2\/posts"}],"about":[{"href":"http:\/\/www.elcapital.pe\/index.php?rest_route=\/wp\/v2\/types\/post"}],"author":[{"embeddable":true,"href":"http:\/\/www.elcapital.pe\/index.php?rest_route=\/wp\/v2\/users\/1"}],"replies":[{"embeddable":true,"href":"http:\/\/www.elcapital.pe\/index.php?rest_route=%2Fwp%2Fv2%2Fcomments&post=12121"}],"version-history":[{"count":1,"href":"http:\/\/www.elcapital.pe\/index.php?rest_route=\/wp\/v2\/posts\/12121\/revisions"}],"predecessor-version":[{"id":12123,"href":"http:\/\/www.elcapital.pe\/index.php?rest_route=\/wp\/v2\/posts\/12121\/revisions\/12123"}],"wp:featuredmedia":[{"embeddable":true,"href":"http:\/\/www.elcapital.pe\/index.php?rest_route=\/wp\/v2\/media\/12122"}],"wp:attachment":[{"href":"http:\/\/www.elcapital.pe\/index.php?rest_route=%2Fwp%2Fv2%2Fmedia&parent=12121"}],"wp:term":[{"taxonomy":"category","embeddable":true,"href":"http:\/\/www.elcapital.pe\/index.php?rest_route=%2Fwp%2Fv2%2Fcategories&post=12121"},{"taxonomy":"post_tag","embeddable":true,"href":"http:\/\/www.elcapital.pe\/index.php?rest_route=%2Fwp%2Fv2%2Ftags&post=12121"}],"curies":[{"name":"wp","href":"https:\/\/api.w.org\/{rel}","templated":true}]}}