{"id":12092,"date":"2026-02-08T19:03:52","date_gmt":"2026-02-09T00:03:52","guid":{"rendered":"http:\/\/www.elcapital.pe\/?p=12092"},"modified":"2026-02-08T19:03:52","modified_gmt":"2026-02-09T00:03:52","slug":"venezuela-excarcelan-al-opositor-juan-pablo-guanipa-tras-mas-de-ocho-meses-detenido","status":"publish","type":"post","link":"http:\/\/www.elcapital.pe\/?p=12092","title":{"rendered":"VENEZUELA: EXCARCELAN AL OPOSITOR JUAN PABLO GUANIPA TRAS MAS DE OCHO MESES DETENIDO\u00a0\u00a0"},"content":{"rendered":"\n<p>El dirigente opositor venezolano Juan Pablo Guanipa, cercano a la l\u00edder Mar\u00eda Corina Machado y uno de los principales cr\u00edticos del chavismo, fue excarcelado este domingo tras permanecer m\u00e1s de ocho meses en prisi\u00f3n, inform\u00f3 su hijo, Ram\u00f3n Guanipa.<\/p>\n\n\n\n<p>\u201cAnuncio que mi pap\u00e1, Juan Pablo Guanipa, fue liberado hace minutos. Luego de m\u00e1s de ocho meses de injusta prisi\u00f3n y m\u00e1s de un a\u00f1o y medio separados, toda nuestra familia podr\u00e1 abrazarse de nuevo pronto\u201d, escribi\u00f3 Ram\u00f3n Guanipa en la red social X. Posteriormente, difundi\u00f3 un video en el que el propio dirigente confirm\u00f3 su liberaci\u00f3n.<\/p>\n\n\n\n<p>\u201cHoy estamos saliendo en libertad. Hay mucho de qu\u00e9 hablar acerca del presente y el futuro de Venezuela. Siempre con la verdad por delante\u201d, afirm\u00f3 Guanipa en el mensaje audiovisual.<\/p>\n\n\n\n<p>Por su parte, Mar\u00eda Corina Machado celebr\u00f3 la excarcelaci\u00f3n del exdiputado del partido opositor Primero Justicia, a quien calific\u00f3 como un \u201ch\u00e9roe\u201d. \u201cMi querido Juan Pablo, contando los minutos para abrazarte. T\u00fa eres un h\u00e9roe y la historia lo reconocer\u00e1 siempre. \u00a1Libertad para todos los presos pol\u00edticos!\u201d, public\u00f3 tambi\u00e9n en X.<\/p>\n\n\n\n<p>Proceso de excarcelaciones<\/p>\n\n\n\n<p>La liberaci\u00f3n de Guanipa se produce en el marco de un proceso de excarcelaciones anunciado hace un mes por el presidente del Parlamento, Jorge Rodr\u00edguez, tras la captura del mandatario Nicol\u00e1s Maduro por parte de Estados Unidos.<\/p>\n\n\n\n<p>Seg\u00fan un conteo divulgado este s\u00e1bado por la principal coalici\u00f3n opositora, al menos 391 presos pol\u00edticos han sido excarcelados en Venezuela desde el pasado 8 de enero. Por su parte, la ONG Foro Penal contabiliza 383 liberaciones. El Gobierno asegura que el proceso comenz\u00f3 en diciembre de 2025 y que, desde entonces, unas 895 personas han sido liberadas bajo medidas cautelares, aunque no ha publicado listados oficiales que permitan verificar los casos.<\/p>\n\n\n\n<p>Guanipa se encontraba en la clandestinidad cuando fue detenido el 23 de mayo de 2025, durante un operativo policial que, seg\u00fan el Gobierno, buscaba desmantelar un presunto plan para \u201cboicotear\u201d las elecciones regionales y legislativas de ese mes y ejecutar supuestos \u201cactos terroristas\u201d. En esa operaci\u00f3n fueron detenidas m\u00e1s de 70 personas, entre ellas varios extranjeros.<\/p>\n\n\n\n<p>La \u00faltima aparici\u00f3n p\u00fablica de Guanipa se produjo el 9 de enero de 2025, cuando acompa\u00f1\u00f3 a Machado en una protesta en Caracas en defensa del reclamado triunfo de Edmundo Gonz\u00e1lez Urrutia en las elecciones presidenciales de 2024. En dichos comicios, el Consejo Nacional Electoral (CNE), controlado por autoridades afines al chavismo, proclam\u00f3 ganador a Nicol\u00e1s Maduro.<\/p>\n\n\n\n<p>(mn \/ EFE, AFP)<\/p>\n\n\n\n<p><\/p>\n","protected":false},"excerpt":{"rendered":"<p>El dirigente opositor venezolano Juan Pablo Guanipa, cercano a la l\u00edder Mar\u00eda Corina Machado y uno de los principales cr\u00edticos del chavismo, fue excarcelado este domingo tras permanecer m\u00e1s de ocho meses en prisi\u00f3n, inform\u00f3 su hijo, Ram\u00f3n Guanipa. \u201cAnuncio que mi pap\u00e1, Juan Pablo Guanipa, fue liberado hace minutos. Luego de m\u00e1s de ocho [&hellip;]<\/p>\n","protected":false},"author":1,"featured_media":12093,"comment_status":"open","ping_status":"open","sticky":false,"template":"","format":"standard","meta":{"footnotes":""},"categories":[2],"tags":[],"class_list":["post-12092","post","type-post","status-publish","format-standard","has-post-thumbnail","hentry","category-actualidad"],"_links":{"self":[{"href":"http:\/\/www.elcapital.pe\/index.php?rest_route=\/wp\/v2\/posts\/12092","targetHints":{"allow":["GET"]}}],"collection":[{"href":"http:\/\/www.elcapital.pe\/index.php?rest_route=\/wp\/v2\/posts"}],"about":[{"href":"http:\/\/www.elcapital.pe\/index.php?rest_route=\/wp\/v2\/types\/post"}],"author":[{"embeddable":true,"href":"http:\/\/www.elcapital.pe\/index.php?rest_route=\/wp\/v2\/users\/1"}],"replies":[{"embeddable":true,"href":"http:\/\/www.elcapital.pe\/index.php?rest_route=%2Fwp%2Fv2%2Fcomments&post=12092"}],"version-history":[{"count":1,"href":"http:\/\/www.elcapital.pe\/index.php?rest_route=\/wp\/v2\/posts\/12092\/revisions"}],"predecessor-version":[{"id":12094,"href":"http:\/\/www.elcapital.pe\/index.php?rest_route=\/wp\/v2\/posts\/12092\/revisions\/12094"}],"wp:featuredmedia":[{"embeddable":true,"href":"http:\/\/www.elcapital.pe\/index.php?rest_route=\/wp\/v2\/media\/12093"}],"wp:attachment":[{"href":"http:\/\/www.elcapital.pe\/index.php?rest_route=%2Fwp%2Fv2%2Fmedia&parent=12092"}],"wp:term":[{"taxonomy":"category","embeddable":true,"href":"http:\/\/www.elcapital.pe\/index.php?rest_route=%2Fwp%2Fv2%2Fcategories&post=12092"},{"taxonomy":"post_tag","embeddable":true,"href":"http:\/\/www.elcapital.pe\/index.php?rest_route=%2Fwp%2Fv2%2Ftags&post=12092"}],"curies":[{"name":"wp","href":"https:\/\/api.w.org\/{rel}","templated":true}]}}