{"id":12080,"date":"2026-02-08T18:06:13","date_gmt":"2026-02-08T23:06:13","guid":{"rendered":"http:\/\/www.elcapital.pe\/?p=12080"},"modified":"2026-02-08T18:06:13","modified_gmt":"2026-02-08T23:06:13","slug":"revelan-que-jose-jeri-organizo-fiesta-privada-con-congresistas-ministros-y-personas-vinculadas-a-presunta-red-de-prostitucion-en-el-congreso","status":"publish","type":"post","link":"http:\/\/www.elcapital.pe\/?p=12080","title":{"rendered":"REVELAN QUE JOSE JERI ORGANIZO FIESTA PRIVADA CON CONGRESISTAS, MINISTROS Y PERSONAS VINCULADAS A PRESUNTA RED DE PROSTITUCION EN EL CONGRESO\u00a0"},"content":{"rendered":"\n<p>El presidente interino, Jos\u00e9 Jer\u00ed, habr\u00eda organizado una fiesta privada en la que participaron congresistas, exministros del gabinete que acompa\u00f1\u00f3 a Dina Boluarte y mujeres vinculadas a una presunta red de prostituci\u00f3n que operaba en el Congreso de la Rep\u00fablica, seg\u00fan revel\u00f3 este domingo el diario Per\u00fa21.<\/p>\n\n\n\n<p>El encuentro se realiz\u00f3 el 9 de noviembre de 2024 en una vivienda ubicada en el distrito de Cieneguilla, a las afueras de Lima, con motivo del cumplea\u00f1os n\u00famero 38 del mandatario. De acuerdo con el informe, a la celebraci\u00f3n asistieron alrededor de 40 personas.<\/p>\n\n\n\n<p>Entre los invitados figuraron el entonces ministro de Educaci\u00f3n, Morgan Quero; el exministro de Salud, C\u00e9sar V\u00e1squez; y el congresista Arturo Alegr\u00eda, quien reconoci\u00f3 haber llevado una banda de rock para animar la reuni\u00f3n. Tambi\u00e9n estuvieron presentes funcionarios del despacho presidencial y el legislador Luis Cordero Jon Tay, vinculado al empresario chino Zhihua Yang, protagonista de reuniones clandestinas que derivaron en pedidos de salida contra Jer\u00ed.<\/p>\n\n\n\n<p>Seg\u00fan Per\u00fa21, los asistentes consumieron bebidas alcoh\u00f3licas y bocadillos que habr\u00edan sido servidos por personal del propio despacho presidencial. Asimismo, el evento incluy\u00f3 m\u00fasica a alto volumen, lo que motiv\u00f3 la queja de un vecino y la posterior intervenci\u00f3n del Serenazgo durante la madrugada, culminando con una multa impuesta al inmueble.<\/p>\n\n\n\n<p>Entre los asistentes tambi\u00e9n se encontraba Isabel Cajo, entonces trabajadora del \u00e1rea legal del Parlamento, quien anteriormente generaba contenido para adultos en la plataforma OnlyFans. Fuentes citadas por el diario se\u00f1alaron que Cajo lleg\u00f3 acompa\u00f1ada de dos mujeres, una de ellas la abogada Andrea Vidal, cuyo asesinato permiti\u00f3 destapar una supuesta red de prostituci\u00f3n que operaba dentro del Legislativo.<\/p>\n\n\n\n<p>El congresista Alegr\u00eda confirm\u00f3 la presencia de Cajo, aunque dijo no poder asegurar la asistencia de Vidal. \u201cNo podr\u00eda decirte si estaba ella; yo estaba con un grupo de congresistas. Estaba la se\u00f1orita Cajo, pero lleg\u00f3 tarde. No s\u00e9 si fue invitada de Jos\u00e9 Jer\u00ed o si lleg\u00f3 con alguien m\u00e1s\u201d, declar\u00f3.<\/p>\n\n\n\n<p>Por su parte, Morgan Quero afirm\u00f3 no recordar haber visto a la extrabajadora parlamentaria y calific\u00f3 el encuentro como \u201cuna reuni\u00f3n tranquila\u201d. Sin embargo, el informe period\u00edstico da cuenta de incidentes ocurridos durante la madrugada, incluido un accidente vehicular protagonizado por Cordero Jon Tay al retirarse del lugar.<\/p>\n\n\n\n<p>Alegr\u00eda se\u00f1al\u00f3 que permaneci\u00f3 en la celebraci\u00f3n hasta las 4:00 a. m. y sostuvo que \u201clos excesos fueron individuales\u201d.<\/p>\n\n\n\n<p>Sin descargos oficiales<\/p>\n\n\n\n<p>Per\u00fa21 intent\u00f3 obtener la versi\u00f3n del presidente Jer\u00ed sobre los hechos ocurridos en Cieneguilla, pero su despacho no respondi\u00f3 a los requerimientos de informaci\u00f3n.<\/p>\n\n\n\n<p>La Oficina Legal y Constitucional del Congreso estaba entonces a cargo de Jorge Torres Saravia, militante de Alianza para el Progreso (APP), quien actualmente enfrenta una investigaci\u00f3n por presunta explotaci\u00f3n sexual. Seg\u00fan el programa Beto a Saber, Torres Saravia habr\u00eda incorporado a mujeres sin experiencia ni los requisitos legales para desempe\u00f1arse como asesoras y secretarias parlamentarias, aunque en realidad ejercer\u00edan la prostituci\u00f3n dentro del Congreso.<\/p>\n\n\n\n<p>El mismo programa revel\u00f3 que el exfuncionario fue denunciado en 2020 por una mujer que lo acus\u00f3 de una presunta violaci\u00f3n sexual durante la campa\u00f1a del excongresista Luis Valdez, cercano a C\u00e9sar Acu\u00f1a, l\u00edder de APP.<\/p>\n\n\n\n<p>Ante estos hechos, el expresidente del Congreso, Eduardo Salhuana, anunci\u00f3 la finalizaci\u00f3n de la designaci\u00f3n de Torres Saravia debido a su vinculaci\u00f3n con \u201cgraves actos il\u00edcitos\u201d.<\/p>\n\n\n\n<p><\/p>\n","protected":false},"excerpt":{"rendered":"<p>El presidente interino, Jos\u00e9 Jer\u00ed, habr\u00eda organizado una fiesta privada en la que participaron congresistas, exministros del gabinete que acompa\u00f1\u00f3 a Dina Boluarte y mujeres vinculadas a una presunta red de prostituci\u00f3n que operaba en el Congreso de la Rep\u00fablica, seg\u00fan revel\u00f3 este domingo el diario Per\u00fa21. El encuentro se realiz\u00f3 el 9 de noviembre [&hellip;]<\/p>\n","protected":false},"author":1,"featured_media":12081,"comment_status":"open","ping_status":"open","sticky":false,"template":"","format":"standard","meta":{"footnotes":""},"categories":[2],"tags":[],"class_list":["post-12080","post","type-post","status-publish","format-standard","has-post-thumbnail","hentry","category-actualidad"],"_links":{"self":[{"href":"http:\/\/www.elcapital.pe\/index.php?rest_route=\/wp\/v2\/posts\/12080","targetHints":{"allow":["GET"]}}],"collection":[{"href":"http:\/\/www.elcapital.pe\/index.php?rest_route=\/wp\/v2\/posts"}],"about":[{"href":"http:\/\/www.elcapital.pe\/index.php?rest_route=\/wp\/v2\/types\/post"}],"author":[{"embeddable":true,"href":"http:\/\/www.elcapital.pe\/index.php?rest_route=\/wp\/v2\/users\/1"}],"replies":[{"embeddable":true,"href":"http:\/\/www.elcapital.pe\/index.php?rest_route=%2Fwp%2Fv2%2Fcomments&post=12080"}],"version-history":[{"count":1,"href":"http:\/\/www.elcapital.pe\/index.php?rest_route=\/wp\/v2\/posts\/12080\/revisions"}],"predecessor-version":[{"id":12082,"href":"http:\/\/www.elcapital.pe\/index.php?rest_route=\/wp\/v2\/posts\/12080\/revisions\/12082"}],"wp:featuredmedia":[{"embeddable":true,"href":"http:\/\/www.elcapital.pe\/index.php?rest_route=\/wp\/v2\/media\/12081"}],"wp:attachment":[{"href":"http:\/\/www.elcapital.pe\/index.php?rest_route=%2Fwp%2Fv2%2Fmedia&parent=12080"}],"wp:term":[{"taxonomy":"category","embeddable":true,"href":"http:\/\/www.elcapital.pe\/index.php?rest_route=%2Fwp%2Fv2%2Fcategories&post=12080"},{"taxonomy":"post_tag","embeddable":true,"href":"http:\/\/www.elcapital.pe\/index.php?rest_route=%2Fwp%2Fv2%2Ftags&post=12080"}],"curies":[{"name":"wp","href":"https:\/\/api.w.org\/{rel}","templated":true}]}}