{"id":12061,"date":"2026-02-07T06:18:14","date_gmt":"2026-02-07T11:18:14","guid":{"rendered":"http:\/\/www.elcapital.pe\/?p=12061"},"modified":"2026-02-07T06:18:14","modified_gmt":"2026-02-07T11:18:14","slug":"renuncian-funcionarias-vinculadas-a-reuniones-previas-en-palacio","status":"publish","type":"post","link":"http:\/\/www.elcapital.pe\/?p=12061","title":{"rendered":"RENUNCIAN FUNCIONARIAS VINCULADAS A REUNIONES PREVIAS EN PALACIO"},"content":{"rendered":"\n<p>La dimisi\u00f3n de dos trabajadoras que accedieron a cargos p\u00fablicos tras reunirse con el presidente de transici\u00f3n, Jos\u00e9 Jeri, reaviv\u00f3 el debate sobre presuntas contrataciones irregulares en el Estado y motiv\u00f3 pedidos de investigaci\u00f3n desde diversos sectores pol\u00edticos.<\/p>\n\n\n\n<p>La controversia estall\u00f3 luego de que se revelara que varias personas que posteriormente fueron incorporadas a la administraci\u00f3n p\u00fablica mantuvieron reuniones previas con el mandatario en Palacio de Gobierno, sin que entonces existiera un v\u00ednculo laboral formal con el Estado.<\/p>\n\n\n\n<p>En este contexto, Guadalupe Vela y Cristina Bera\u00fan presentaron su renuncia a los cargos que ocupaban, tras ser vinculadas a dichos encuentros. Vela comunic\u00f3, a trav\u00e9s de sus redes sociales, que dej\u00f3 el puesto de asesora en el Ministerio del Ambiente, precisando que su decisi\u00f3n responde a la coyuntura pol\u00edtica y al impacto medi\u00e1tico generado por el caso.<\/p>\n\n\n\n<p>Seg\u00fan los registros oficiales de visitas de Palacio de Gobierno, Vela acudi\u00f3 al despacho presidencial el 1 de noviembre de 2025, reuni\u00f3n que se habr\u00eda prolongado por cerca de cinco horas, hecho que intensific\u00f3 los cuestionamientos sobre la transparencia del proceso de contrataci\u00f3n.<\/p>\n\n\n\n<p>De igual manera, se conoci\u00f3 que Susana Guti\u00e9rrez visit\u00f3 Palacio de Gobierno la tarde del 31 de octubre y se retir\u00f3 al amanecer del 1 de noviembre, cuando a\u00fan no manten\u00eda relaci\u00f3n laboral con el Estado. Posteriormente, fue contratada en Palacio con una remuneraci\u00f3n cercana a los 18 mil soles mensuales, lo que tambi\u00e9n gener\u00f3 cr\u00edticas y sospechas.<\/p>\n\n\n\n<p>Congreso impulsa acciones pol\u00edticas contra el presidente Jos\u00e9 Jeri<\/p>\n\n\n\n<p>En paralelo, el Congreso de la Rep\u00fablica contin\u00faa la recolecci\u00f3n de firmas para convocar a un pleno extraordinario, en el que se evaluar\u00edan mociones de censura y un eventual proceso de vacancia presidencial, en medio de una creciente crisis pol\u00edtica y de gobernabilidad.<\/p>\n","protected":false},"excerpt":{"rendered":"<p>La dimisi\u00f3n de dos trabajadoras que accedieron a cargos p\u00fablicos tras reunirse con el presidente de transici\u00f3n, Jos\u00e9 Jeri, reaviv\u00f3 el debate sobre presuntas contrataciones irregulares en el Estado y motiv\u00f3 pedidos de investigaci\u00f3n desde diversos sectores pol\u00edticos. La controversia estall\u00f3 luego de que se revelara que varias personas que posteriormente fueron incorporadas a la [&hellip;]<\/p>\n","protected":false},"author":1,"featured_media":12062,"comment_status":"open","ping_status":"open","sticky":false,"template":"","format":"standard","meta":{"footnotes":""},"categories":[2],"tags":[],"class_list":["post-12061","post","type-post","status-publish","format-standard","has-post-thumbnail","hentry","category-actualidad"],"_links":{"self":[{"href":"http:\/\/www.elcapital.pe\/index.php?rest_route=\/wp\/v2\/posts\/12061","targetHints":{"allow":["GET"]}}],"collection":[{"href":"http:\/\/www.elcapital.pe\/index.php?rest_route=\/wp\/v2\/posts"}],"about":[{"href":"http:\/\/www.elcapital.pe\/index.php?rest_route=\/wp\/v2\/types\/post"}],"author":[{"embeddable":true,"href":"http:\/\/www.elcapital.pe\/index.php?rest_route=\/wp\/v2\/users\/1"}],"replies":[{"embeddable":true,"href":"http:\/\/www.elcapital.pe\/index.php?rest_route=%2Fwp%2Fv2%2Fcomments&post=12061"}],"version-history":[{"count":1,"href":"http:\/\/www.elcapital.pe\/index.php?rest_route=\/wp\/v2\/posts\/12061\/revisions"}],"predecessor-version":[{"id":12063,"href":"http:\/\/www.elcapital.pe\/index.php?rest_route=\/wp\/v2\/posts\/12061\/revisions\/12063"}],"wp:featuredmedia":[{"embeddable":true,"href":"http:\/\/www.elcapital.pe\/index.php?rest_route=\/wp\/v2\/media\/12062"}],"wp:attachment":[{"href":"http:\/\/www.elcapital.pe\/index.php?rest_route=%2Fwp%2Fv2%2Fmedia&parent=12061"}],"wp:term":[{"taxonomy":"category","embeddable":true,"href":"http:\/\/www.elcapital.pe\/index.php?rest_route=%2Fwp%2Fv2%2Fcategories&post=12061"},{"taxonomy":"post_tag","embeddable":true,"href":"http:\/\/www.elcapital.pe\/index.php?rest_route=%2Fwp%2Fv2%2Ftags&post=12061"}],"curies":[{"name":"wp","href":"https:\/\/api.w.org\/{rel}","templated":true}]}}