{"id":11630,"date":"2026-01-12T21:14:53","date_gmt":"2026-01-13T02:14:53","guid":{"rendered":"https:\/\/www.elcapital.pe\/?p=11630"},"modified":"2026-01-12T21:14:53","modified_gmt":"2026-01-13T02:14:53","slug":"alemania-minimiza-riesgo-de-un-ataque-de-ee-uu-a-groenlandia","status":"publish","type":"post","link":"http:\/\/www.elcapital.pe\/?p=11630","title":{"rendered":"ALEMANIA MINIMIZA RIESGO DE UN ATAQUE DE EE.UU. A GROENLANDIA\u00a0"},"content":{"rendered":"\n<p>El ministro de Asuntos Exteriores de Alemania, Johann Wadephul, rest\u00f3 importancia este lunes (12.01.2026) a la posibilidad de un ataque de Estados Unidos contra Groenlandia, pese a las reiteradas declaraciones del presidente Donald Trump sobre su intenci\u00f3n de hacerse con el control de la isla, territorio aut\u00f3nomo de Dinamarca y miembro de la OTAN.<\/p>\n\n\n\n<p>Trump aviv\u00f3 la pol\u00e9mica el domingo al asegurar que tomar\u00eda Groenlandia \u201cde una forma u otra\u201d y descartar un arriendo, al se\u00f1alar que Washington necesita un \u201ct\u00edtulo de propiedad\u201d.<\/p>\n\n\n\n<p>Tras reunirse en Berl\u00edn con el secretario de Estado estadounidense, Marco Rubio, Wadephul fue consultado sobre una eventual acci\u00f3n militar unilateral y respondi\u00f3: \u201cNo tengo indicios de que esto se est\u00e9 considerando seriamente\u201d.<\/p>\n\n\n\n<p>\u201cEl inter\u00e9s com\u00fan es abordar los desaf\u00edos de seguridad en el \u00c1rtico\u201d, a\u00f1adi\u00f3 el jefe de la diplomacia alemana, al se\u00f1alar que la OTAN trabaja en planes conjuntos para la regi\u00f3n que ser\u00e1n discutidos con Estados Unidos.<\/p>\n\n\n\n<p>En un comunicado sobre el encuentro, el Departamento de Estado indic\u00f3 que ambos funcionarios trataron \u201cdesaf\u00edos globales urgentes\u201d, sin mencionar a Groenlandia.<\/p>\n\n\n\n<p>La visita de Wadephul se produce d\u00edas antes de reuniones en Washington entre Rubio y altos representantes de Dinamarca y Groenlandia. En tanto, el gobierno groenland\u00e9s reiter\u00f3 que no aceptar\u00e1 una adquisici\u00f3n estadounidense \u201cbajo ninguna circunstancia\u201d.<\/p>\n\n\n\n<p>Trump ha justificado su postura aludiendo al aumento de la presencia de Rusia y China en el \u00c1rtico, regi\u00f3n que considera clave para la seguridad estrat\u00e9gica de Estados Unidos.<\/p>\n","protected":false},"excerpt":{"rendered":"<p>El ministro de Asuntos Exteriores de Alemania, Johann Wadephul, rest\u00f3 importancia este lunes (12.01.2026) a la posibilidad de un ataque de Estados Unidos contra Groenlandia, pese a las reiteradas declaraciones del presidente Donald Trump sobre su intenci\u00f3n de hacerse con el control de la isla, territorio aut\u00f3nomo de Dinamarca y miembro de la OTAN. Trump [&hellip;]<\/p>\n","protected":false},"author":1,"featured_media":11631,"comment_status":"open","ping_status":"open","sticky":false,"template":"","format":"standard","meta":{"footnotes":""},"categories":[2],"tags":[],"class_list":["post-11630","post","type-post","status-publish","format-standard","has-post-thumbnail","hentry","category-actualidad"],"_links":{"self":[{"href":"http:\/\/www.elcapital.pe\/index.php?rest_route=\/wp\/v2\/posts\/11630","targetHints":{"allow":["GET"]}}],"collection":[{"href":"http:\/\/www.elcapital.pe\/index.php?rest_route=\/wp\/v2\/posts"}],"about":[{"href":"http:\/\/www.elcapital.pe\/index.php?rest_route=\/wp\/v2\/types\/post"}],"author":[{"embeddable":true,"href":"http:\/\/www.elcapital.pe\/index.php?rest_route=\/wp\/v2\/users\/1"}],"replies":[{"embeddable":true,"href":"http:\/\/www.elcapital.pe\/index.php?rest_route=%2Fwp%2Fv2%2Fcomments&post=11630"}],"version-history":[{"count":1,"href":"http:\/\/www.elcapital.pe\/index.php?rest_route=\/wp\/v2\/posts\/11630\/revisions"}],"predecessor-version":[{"id":11632,"href":"http:\/\/www.elcapital.pe\/index.php?rest_route=\/wp\/v2\/posts\/11630\/revisions\/11632"}],"wp:featuredmedia":[{"embeddable":true,"href":"http:\/\/www.elcapital.pe\/index.php?rest_route=\/wp\/v2\/media\/11631"}],"wp:attachment":[{"href":"http:\/\/www.elcapital.pe\/index.php?rest_route=%2Fwp%2Fv2%2Fmedia&parent=11630"}],"wp:term":[{"taxonomy":"category","embeddable":true,"href":"http:\/\/www.elcapital.pe\/index.php?rest_route=%2Fwp%2Fv2%2Fcategories&post=11630"},{"taxonomy":"post_tag","embeddable":true,"href":"http:\/\/www.elcapital.pe\/index.php?rest_route=%2Fwp%2Fv2%2Ftags&post=11630"}],"curies":[{"name":"wp","href":"https:\/\/api.w.org\/{rel}","templated":true}]}}