{"id":11624,"date":"2026-01-12T20:52:52","date_gmt":"2026-01-13T01:52:52","guid":{"rendered":"https:\/\/www.elcapital.pe\/?p=11624"},"modified":"2026-01-12T20:52:52","modified_gmt":"2026-01-13T01:52:52","slug":"mas-de-600-muertos-en-las-protestas-de-iran-la-cifra-real-podria-ser-mucho-mayor","status":"publish","type":"post","link":"http:\/\/www.elcapital.pe\/?p=11624","title":{"rendered":"MAS DE 600 MUERTOS EN LAS PROTESTAS DE IRAN; LA CIFRA REAL PODRIA SER MUCHO MAYOR"},"content":{"rendered":"\n<p>La represi\u00f3n de las protestas en Ir\u00e1n ha dejado al menos 648 muertos, entre ellos nueve menores, y miles de heridos, inform\u00f3 este lunes (12.01.2026) la ONG Iran Human Rights, con sede en Noruega. La organizaci\u00f3n advirti\u00f3 que el n\u00famero real de v\u00edctimas podr\u00eda ser hasta diez veces mayor, mientras el r\u00e9gimen intenta retomar el control con movilizaciones oficialistas en todo el pa\u00eds.<\/p>\n\n\n\n<p>Seg\u00fan la ONG, algunas estimaciones elevan la cifra de fallecidos a m\u00e1s de 6.000, adem\u00e1s de unos 10.000 detenidos. Las autoridades mantienen restricciones al acceso a Internet, pero im\u00e1genes filtradas desde Teher\u00e1n y otras ciudades muestran multitudinarias protestas nocturnas en los \u00faltimos d\u00edas.<\/p>\n\n\n\n<p>\u201cAdvertencia\u201d a Estados Unidos<\/p>\n\n\n\n<p>En respuesta, el Gobierno convoc\u00f3 este lunes contramanifestaciones en apoyo a la Rep\u00fablica Isl\u00e1mica. Miles de personas se concentraron en la Plaza Enghelab de Teher\u00e1n con banderas nacionales. El l\u00edder supremo, Al\u00ed Jamenei, calific\u00f3 estas marchas como una \u201cadvertencia\u201d a Estados Unidos, seg\u00fan la televisi\u00f3n estatal.<\/p>\n\n\n\n<p>\u201cEstas grandes concentraciones han frustrado el complot de enemigos extranjeros\u201d, afirm\u00f3 Jamenei, mientras el ministro de Exteriores reiter\u00f3 que Ir\u00e1n \u201cno busca la guerra, pero est\u00e1 totalmente preparado\u201d.<\/p>\n\n\n\n<p>Durante el acto central, el presidente del Parlamento, Mohammad Bagher Ghalibaf, lanz\u00f3 una amenaza directa a Washington al advertir que sus recursos militares en la regi\u00f3n \u201cser\u00e1n destruidos\u201d ante cualquier intervenci\u00f3n.<\/p>\n","protected":false},"excerpt":{"rendered":"<p>La represi\u00f3n de las protestas en Ir\u00e1n ha dejado al menos 648 muertos, entre ellos nueve menores, y miles de heridos, inform\u00f3 este lunes (12.01.2026) la ONG Iran Human Rights, con sede en Noruega. La organizaci\u00f3n advirti\u00f3 que el n\u00famero real de v\u00edctimas podr\u00eda ser hasta diez veces mayor, mientras el r\u00e9gimen intenta retomar el [&hellip;]<\/p>\n","protected":false},"author":1,"featured_media":11625,"comment_status":"open","ping_status":"open","sticky":false,"template":"","format":"standard","meta":{"footnotes":""},"categories":[2],"tags":[],"class_list":["post-11624","post","type-post","status-publish","format-standard","has-post-thumbnail","hentry","category-actualidad"],"_links":{"self":[{"href":"http:\/\/www.elcapital.pe\/index.php?rest_route=\/wp\/v2\/posts\/11624","targetHints":{"allow":["GET"]}}],"collection":[{"href":"http:\/\/www.elcapital.pe\/index.php?rest_route=\/wp\/v2\/posts"}],"about":[{"href":"http:\/\/www.elcapital.pe\/index.php?rest_route=\/wp\/v2\/types\/post"}],"author":[{"embeddable":true,"href":"http:\/\/www.elcapital.pe\/index.php?rest_route=\/wp\/v2\/users\/1"}],"replies":[{"embeddable":true,"href":"http:\/\/www.elcapital.pe\/index.php?rest_route=%2Fwp%2Fv2%2Fcomments&post=11624"}],"version-history":[{"count":1,"href":"http:\/\/www.elcapital.pe\/index.php?rest_route=\/wp\/v2\/posts\/11624\/revisions"}],"predecessor-version":[{"id":11626,"href":"http:\/\/www.elcapital.pe\/index.php?rest_route=\/wp\/v2\/posts\/11624\/revisions\/11626"}],"wp:featuredmedia":[{"embeddable":true,"href":"http:\/\/www.elcapital.pe\/index.php?rest_route=\/wp\/v2\/media\/11625"}],"wp:attachment":[{"href":"http:\/\/www.elcapital.pe\/index.php?rest_route=%2Fwp%2Fv2%2Fmedia&parent=11624"}],"wp:term":[{"taxonomy":"category","embeddable":true,"href":"http:\/\/www.elcapital.pe\/index.php?rest_route=%2Fwp%2Fv2%2Fcategories&post=11624"},{"taxonomy":"post_tag","embeddable":true,"href":"http:\/\/www.elcapital.pe\/index.php?rest_route=%2Fwp%2Fv2%2Ftags&post=11624"}],"curies":[{"name":"wp","href":"https:\/\/api.w.org\/{rel}","templated":true}]}}