{"id":11618,"date":"2026-01-12T20:23:22","date_gmt":"2026-01-13T01:23:22","guid":{"rendered":"https:\/\/www.elcapital.pe\/?p=11618"},"modified":"2026-01-12T20:23:22","modified_gmt":"2026-01-13T01:23:22","slug":"paro-de-transportistas-se-adelanta-al-14-de-enero-mas-de-20-mil-unidades-dejaran-de-operar-en-lima-y-callao","status":"publish","type":"post","link":"http:\/\/www.elcapital.pe\/?p=11618","title":{"rendered":"PARO DE TRANSPORTISTAS SE ADELANTA AL 14 DE ENERO: MAS DE 20 MIL UNIDADES DEJARAN DE OPERAR EN LIMA Y CALLAO\u00a0"},"content":{"rendered":"\n<p>Los principales gremios del transporte urbano anunciaron que el paro previsto inicialmente para el 15 de enero se adelantar\u00e1 a este mi\u00e9rcoles 14, con la paralizaci\u00f3n de m\u00e1s de 22 mil unidades entre buses, c\u00fasters y combis en Lima y Callao.<\/p>\n\n\n\n<p>La decisi\u00f3n fue confirmada en una conferencia de prensa conjunta por representantes de Transportes Unidos y la Coordinadora de Empresas de Transporte Urbano de Lima y Callao, quienes se\u00f1alaron que la medida responde a la falta de avances en la reglamentaci\u00f3n de la Ley 32490, vinculada a la seguridad ciudadana y al combate contra la extorsi\u00f3n.<\/p>\n\n\n\n<p>Mart\u00edn Ojeda, vocero de Transportes Unidos, sostuvo que la protesta no tiene fines pol\u00edticos y busca exigir acciones concretas frente al aumento de la criminalidad que afecta al sector. \u201cNo podemos seguir trabajando solo con compromisos\u201d, afirm\u00f3.<\/p>\n\n\n\n<p>Por su parte, H\u00e9ctor Vargas, presidente de la Coordinadora, indic\u00f3 que el 100 % de las empresas formales est\u00e1 involucrado, aunque cada una decidir\u00e1 si se suma o mantiene operaciones m\u00ednimas. Asegur\u00f3 adem\u00e1s que las manifestaciones ser\u00e1n pac\u00edficas.<\/p>\n\n\n\n<p>A la paralizaci\u00f3n se sum\u00f3 Conet Per\u00fa, que anunci\u00f3 la suspensi\u00f3n total del servicio y el env\u00edo de una delegaci\u00f3n al Congreso. Los gremios exigen mayor presencia policial, medidas sostenidas contra la extorsi\u00f3n y garant\u00edas para operar sin amenazas.<\/p>\n\n\n\n<p>Pese a los recientes di\u00e1logos con el Ministerio del Interior, los transportistas ratificaron el paro del 14 de enero, advirtiendo que, de no obtener respuestas inmediatas, podr\u00edan adoptar nuevas medidas de presi\u00f3n.<\/p>\n","protected":false},"excerpt":{"rendered":"<p>Los principales gremios del transporte urbano anunciaron que el paro previsto inicialmente para el 15 de enero se adelantar\u00e1 a este mi\u00e9rcoles 14, con la paralizaci\u00f3n de m\u00e1s de 22 mil unidades entre buses, c\u00fasters y combis en Lima y Callao. La decisi\u00f3n fue confirmada en una conferencia de prensa conjunta por representantes de Transportes [&hellip;]<\/p>\n","protected":false},"author":1,"featured_media":11619,"comment_status":"open","ping_status":"open","sticky":false,"template":"","format":"standard","meta":{"footnotes":""},"categories":[2],"tags":[],"class_list":["post-11618","post","type-post","status-publish","format-standard","has-post-thumbnail","hentry","category-actualidad"],"_links":{"self":[{"href":"http:\/\/www.elcapital.pe\/index.php?rest_route=\/wp\/v2\/posts\/11618","targetHints":{"allow":["GET"]}}],"collection":[{"href":"http:\/\/www.elcapital.pe\/index.php?rest_route=\/wp\/v2\/posts"}],"about":[{"href":"http:\/\/www.elcapital.pe\/index.php?rest_route=\/wp\/v2\/types\/post"}],"author":[{"embeddable":true,"href":"http:\/\/www.elcapital.pe\/index.php?rest_route=\/wp\/v2\/users\/1"}],"replies":[{"embeddable":true,"href":"http:\/\/www.elcapital.pe\/index.php?rest_route=%2Fwp%2Fv2%2Fcomments&post=11618"}],"version-history":[{"count":1,"href":"http:\/\/www.elcapital.pe\/index.php?rest_route=\/wp\/v2\/posts\/11618\/revisions"}],"predecessor-version":[{"id":11620,"href":"http:\/\/www.elcapital.pe\/index.php?rest_route=\/wp\/v2\/posts\/11618\/revisions\/11620"}],"wp:featuredmedia":[{"embeddable":true,"href":"http:\/\/www.elcapital.pe\/index.php?rest_route=\/wp\/v2\/media\/11619"}],"wp:attachment":[{"href":"http:\/\/www.elcapital.pe\/index.php?rest_route=%2Fwp%2Fv2%2Fmedia&parent=11618"}],"wp:term":[{"taxonomy":"category","embeddable":true,"href":"http:\/\/www.elcapital.pe\/index.php?rest_route=%2Fwp%2Fv2%2Fcategories&post=11618"},{"taxonomy":"post_tag","embeddable":true,"href":"http:\/\/www.elcapital.pe\/index.php?rest_route=%2Fwp%2Fv2%2Ftags&post=11618"}],"curies":[{"name":"wp","href":"https:\/\/api.w.org\/{rel}","templated":true}]}}