{"id":11614,"date":"2026-01-11T20:02:02","date_gmt":"2026-01-12T01:02:02","guid":{"rendered":"https:\/\/www.elcapital.pe\/?p=11614"},"modified":"2026-01-11T20:02:02","modified_gmt":"2026-01-12T01:02:02","slug":"trump-dice-estar-listo-para-ayudar-a-iran-tras-dos-semanas-de-protestas-y-denuncias-de-decenas-de-muertos","status":"publish","type":"post","link":"http:\/\/www.elcapital.pe\/?p=11614","title":{"rendered":"TRUMP DICE ESTAR \u201cLISTO PARA AYUDAR\u201d A IRAN TRAS DOS SEMANAS DE PROTESTAS Y DENUNCIAS DE DECENAS DE MUERTOS\u00a0"},"content":{"rendered":"\n<p>El presidente de Estados Unidos, Donald Trump, afirm\u00f3 este 10 de enero que Ir\u00e1n \u201cbusca la libertad\u201d y asegur\u00f3 que su pa\u00eds est\u00e1 \u201clisto para ayudar\u201d, en medio de protestas que cumplen ya 14 d\u00edas y que, seg\u00fan organizaciones de derechos humanos, han dejado m\u00e1s de un centenar de muertos.<\/p>\n\n\n\n<p>\u201cIr\u00e1n busca la LIBERTAD, quiz\u00e1s como nunca antes. \u00a1Estados Unidos est\u00e1 listo para ayudar!\u201d, escribi\u00f3 Trump en su red Truth Social. Sus declaraciones refuerzan advertencias previas, en las que no descart\u00f3 incluso una intervenci\u00f3n militar para \u201cdefender a manifestantes pac\u00edficos\u201d.<\/p>\n\n\n\n<p>El mensaje del mandatario coincide con llamados del opositor en el exilio Reza Pahlavi, hijo del \u00faltimo sha de Ir\u00e1n, quien inst\u00f3 a los manifestantes a salir a las calles y a utilizar s\u00edmbolos prerrevolucionarios. Pahlavi ha expresado apoyo a Israel, lo que le ha valido cr\u00edticas dentro y fuera del pa\u00eds.<\/p>\n\n\n\n<p>Represi\u00f3n, apag\u00f3n informativo y amenazas judiciales<\/p>\n\n\n\n<p>Mientras tanto, las autoridades iran\u00edes mantienen cortes de internet y telecomunicaciones, lo que dificulta verificar el alcance real de las protestas. La organizaci\u00f3n Human Rights Activists News Agency report\u00f3 al menos 116 muertos, m\u00e1s de 2.600 detenidos y manifestaciones en 185 ciudades. Otras fuentes m\u00e9dicas citadas por medios internacionales elevan la cifra de fallecidos a m\u00e1s de 200.<\/p>\n\n\n\n<p>Pese a ello, la televisi\u00f3n estatal iran\u00ed sostiene que la situaci\u00f3n est\u00e1 \u201cbajo control\u201d y ha centrado su cobertura en bajas de las fuerzas de seguridad y en manifestaciones progubernamentales.<\/p>\n\n\n\n<p>El l\u00edder supremo, el ayatol\u00e1 Al\u00ed Jamenei, anunci\u00f3 una represi\u00f3n inminente. En esa l\u00ednea, el fiscal general Mohammad Movahedi Azad advirti\u00f3 que los manifestantes ser\u00e1n considerados \u201cenemigos de Dios\u201d, un delito castigado con la pena de muerte, y que incluso quienes los apoyen enfrentar\u00e1n cargos severos.<\/p>\n\n\n\n<p>Videos verificados por agencias internacionales contradicen la versi\u00f3n oficial y muestran protestas multitudinarias en Teher\u00e1n y otras ciudades, con consignas directas contra el l\u00edder supremo.<\/p>\n\n\n\n<p>Se prev\u00e9 que las manifestaciones contin\u00faen durante el fin de semana, mientras crece la presi\u00f3n internacional y se profundiza el aislamiento de la Rep\u00fablica Isl\u00e1mica.<\/p>\n\n\n\n<p>(Con AP y medios locales)<\/p>\n\n\n\n<p><\/p>\n","protected":false},"excerpt":{"rendered":"<p>El presidente de Estados Unidos, Donald Trump, afirm\u00f3 este 10 de enero que Ir\u00e1n \u201cbusca la libertad\u201d y asegur\u00f3 que su pa\u00eds est\u00e1 \u201clisto para ayudar\u201d, en medio de protestas que cumplen ya 14 d\u00edas y que, seg\u00fan organizaciones de derechos humanos, han dejado m\u00e1s de un centenar de muertos. \u201cIr\u00e1n busca la LIBERTAD, quiz\u00e1s [&hellip;]<\/p>\n","protected":false},"author":1,"featured_media":11615,"comment_status":"open","ping_status":"open","sticky":false,"template":"","format":"standard","meta":{"footnotes":""},"categories":[2],"tags":[],"class_list":["post-11614","post","type-post","status-publish","format-standard","has-post-thumbnail","hentry","category-actualidad"],"_links":{"self":[{"href":"http:\/\/www.elcapital.pe\/index.php?rest_route=\/wp\/v2\/posts\/11614","targetHints":{"allow":["GET"]}}],"collection":[{"href":"http:\/\/www.elcapital.pe\/index.php?rest_route=\/wp\/v2\/posts"}],"about":[{"href":"http:\/\/www.elcapital.pe\/index.php?rest_route=\/wp\/v2\/types\/post"}],"author":[{"embeddable":true,"href":"http:\/\/www.elcapital.pe\/index.php?rest_route=\/wp\/v2\/users\/1"}],"replies":[{"embeddable":true,"href":"http:\/\/www.elcapital.pe\/index.php?rest_route=%2Fwp%2Fv2%2Fcomments&post=11614"}],"version-history":[{"count":1,"href":"http:\/\/www.elcapital.pe\/index.php?rest_route=\/wp\/v2\/posts\/11614\/revisions"}],"predecessor-version":[{"id":11616,"href":"http:\/\/www.elcapital.pe\/index.php?rest_route=\/wp\/v2\/posts\/11614\/revisions\/11616"}],"wp:featuredmedia":[{"embeddable":true,"href":"http:\/\/www.elcapital.pe\/index.php?rest_route=\/wp\/v2\/media\/11615"}],"wp:attachment":[{"href":"http:\/\/www.elcapital.pe\/index.php?rest_route=%2Fwp%2Fv2%2Fmedia&parent=11614"}],"wp:term":[{"taxonomy":"category","embeddable":true,"href":"http:\/\/www.elcapital.pe\/index.php?rest_route=%2Fwp%2Fv2%2Fcategories&post=11614"},{"taxonomy":"post_tag","embeddable":true,"href":"http:\/\/www.elcapital.pe\/index.php?rest_route=%2Fwp%2Fv2%2Ftags&post=11614"}],"curies":[{"name":"wp","href":"https:\/\/api.w.org\/{rel}","templated":true}]}}