{"id":11608,"date":"2026-01-11T19:33:22","date_gmt":"2026-01-12T00:33:22","guid":{"rendered":"https:\/\/www.elcapital.pe\/?p=11608"},"modified":"2026-01-11T19:33:22","modified_gmt":"2026-01-12T00:33:22","slug":"netanyahu-espera-que-iran-se-libre-pronto-de-la-tirania","status":"publish","type":"post","link":"http:\/\/www.elcapital.pe\/?p=11608","title":{"rendered":"NETANYAHU ESPERA QUE IRAN SE LIBRE PRONTO DE LA TIRANIA\u00a0"},"content":{"rendered":"\n<p>El primer ministro israel\u00ed afirm\u00f3 que Israel e Ir\u00e1n volver\u00edan a ser \u201caliados leales\u201d si las protestas logran derribar al r\u00e9gimen de los ayatol\u00e1s. El Ej\u00e9rcito israel\u00ed sigue la situaci\u00f3n en estado de m\u00e1xima alerta.<\/p>\n\n\n\n<p>El primer ministro de Israel, Benjam\u00edn Netanyahu, expres\u00f3 este domingo (11.01.2026) su deseo de que Ir\u00e1n sea pronto liberado de lo que describi\u00f3 como el \u201cyugo de la tiran\u00eda\u201d, en medio de las protestas que sacuden a la Rep\u00fablica Isl\u00e1mica.<\/p>\n\n\n\n<p>\u201cTodos esperamos que la naci\u00f3n persa sea liberada del yugo de la tiran\u00eda y que, cuando llegue ese d\u00eda, Israel e Ir\u00e1n vuelvan a ser socios leales en la construcci\u00f3n de un futuro de prosperidad y paz para ambos pueblos\u201d, afirm\u00f3 Netanyahu durante la reuni\u00f3n semanal del Consejo de Ministros.<\/p>\n\n\n\n<p>Israel en m\u00e1xima alerta<\/p>\n\n\n\n<p>En paralelo, el Ej\u00e9rcito israel\u00ed se\u00f1al\u00f3 en un comunicado remitido a EFE que sigue de cerca las masivas manifestaciones en Ir\u00e1n, a las que calific\u00f3 como un \u201casunto interno iran\u00ed\u201d. No obstante, las fuerzas armadas aseguraron estar preparadas para defenderse y para \u201cresponder con fuerza\u201d si la situaci\u00f3n lo requiere.<\/p>\n\n\n\n<p>Fuentes israel\u00edes presentes en las consultas de seguridad celebradas durante el fin de semana confirmaron a Reuters que el Ej\u00e9rcito se encuentra en estado de m\u00e1xima alerta, aunque evitaron detallar las implicaciones operativas de esta medida.<\/p>\n\n\n\n<p>(lgc\/afp, efe, rtr)<\/p>\n","protected":false},"excerpt":{"rendered":"<p>El primer ministro israel\u00ed afirm\u00f3 que Israel e Ir\u00e1n volver\u00edan a ser \u201caliados leales\u201d si las protestas logran derribar al r\u00e9gimen de los ayatol\u00e1s. El Ej\u00e9rcito israel\u00ed sigue la situaci\u00f3n en estado de m\u00e1xima alerta. El primer ministro de Israel, Benjam\u00edn Netanyahu, expres\u00f3 este domingo (11.01.2026) su deseo de que Ir\u00e1n sea pronto liberado de [&hellip;]<\/p>\n","protected":false},"author":1,"featured_media":11609,"comment_status":"open","ping_status":"open","sticky":false,"template":"","format":"standard","meta":{"footnotes":""},"categories":[2],"tags":[],"class_list":["post-11608","post","type-post","status-publish","format-standard","has-post-thumbnail","hentry","category-actualidad"],"_links":{"self":[{"href":"http:\/\/www.elcapital.pe\/index.php?rest_route=\/wp\/v2\/posts\/11608","targetHints":{"allow":["GET"]}}],"collection":[{"href":"http:\/\/www.elcapital.pe\/index.php?rest_route=\/wp\/v2\/posts"}],"about":[{"href":"http:\/\/www.elcapital.pe\/index.php?rest_route=\/wp\/v2\/types\/post"}],"author":[{"embeddable":true,"href":"http:\/\/www.elcapital.pe\/index.php?rest_route=\/wp\/v2\/users\/1"}],"replies":[{"embeddable":true,"href":"http:\/\/www.elcapital.pe\/index.php?rest_route=%2Fwp%2Fv2%2Fcomments&post=11608"}],"version-history":[{"count":1,"href":"http:\/\/www.elcapital.pe\/index.php?rest_route=\/wp\/v2\/posts\/11608\/revisions"}],"predecessor-version":[{"id":11610,"href":"http:\/\/www.elcapital.pe\/index.php?rest_route=\/wp\/v2\/posts\/11608\/revisions\/11610"}],"wp:featuredmedia":[{"embeddable":true,"href":"http:\/\/www.elcapital.pe\/index.php?rest_route=\/wp\/v2\/media\/11609"}],"wp:attachment":[{"href":"http:\/\/www.elcapital.pe\/index.php?rest_route=%2Fwp%2Fv2%2Fmedia&parent=11608"}],"wp:term":[{"taxonomy":"category","embeddable":true,"href":"http:\/\/www.elcapital.pe\/index.php?rest_route=%2Fwp%2Fv2%2Fcategories&post=11608"},{"taxonomy":"post_tag","embeddable":true,"href":"http:\/\/www.elcapital.pe\/index.php?rest_route=%2Fwp%2Fv2%2Ftags&post=11608"}],"curies":[{"name":"wp","href":"https:\/\/api.w.org\/{rel}","templated":true}]}}