{"id":11602,"date":"2026-01-11T19:20:14","date_gmt":"2026-01-12T00:20:14","guid":{"rendered":"https:\/\/www.elcapital.pe\/?p=11602"},"modified":"2026-01-11T19:20:14","modified_gmt":"2026-01-12T00:20:14","slug":"hamas-llega-a-egipto-para-abordar-la-segunda-fase-de-la-tregua","status":"publish","type":"post","link":"http:\/\/www.elcapital.pe\/?p=11602","title":{"rendered":"HAMAS LLEGA A EGIPTO PARA ABORDAR LA SEGUNDA FASE DE LA TREGUA\u00a0\u00a0"},"content":{"rendered":"\n<p>El acuerdo de alto el fuego con Israel contin\u00faa en su primera etapa y solo avanzar\u00e1 tras la entrega del \u00faltimo reh\u00e9n.<\/p>\n\n\n\n<p>Una delegaci\u00f3n del grupo Ham\u00e1s, encabezada por el l\u00edder de su comit\u00e9 pol\u00edtico, Jalil al Haya, lleg\u00f3 este domingo (11.01.2026) a El Cairo para abordar con los mediadores la segunda fase del acuerdo de alto el fuego en la Franja de Gaza, informaron a EFE fuentes conocedoras de las conversaciones.<\/p>\n\n\n\n<p>Una fuente de seguridad egipcia, que solicit\u00f3 el anonimato, indic\u00f3 que las autoridades de Egipto extendieron invitaciones a otras facciones palestinas, entre ellas la Yihad Isl\u00e1mica y el Movimiento Popular para la Liberaci\u00f3n de Palestina. Est\u00e1 previsto que estos grupos se re\u00fanan este lunes para discutir los \u201cpreparativos\u201d de la segunda fase del pacto.<\/p>\n\n\n\n<p>Por su parte, una fuente palestina explic\u00f3 que las conversaciones estar\u00e1n precedidas por una reuni\u00f3n entre representantes de las facciones palestinas y el jefe de la Inteligencia egipcia, Has\u00e1n Rashad, con el objetivo de \u201ccoordinar posturas antes de profundizar en los detalles de la siguiente fase\u201d.<\/p>\n\n\n\n<p>Comit\u00e9 de tecn\u00f3cratas para Gaza<\/p>\n\n\n\n<p>Uno de los puntos centrales de la agenda es alcanzar un acuerdo definitivo sobre la conformaci\u00f3n del comit\u00e9 que administrar\u00e1 la Franja de Gaza durante la fase de transici\u00f3n. Este \u00f3rgano estar\u00eda integrado por tecn\u00f3cratas palestinos independientes y tendr\u00eda a su cargo la gesti\u00f3n de los asuntos civiles y administrativos del enclave.<\/p>\n\n\n\n<p>El alto el fuego, vigente desde el 10 de octubre entre Ham\u00e1s e Israel, se encuentra a\u00fan en su primera fase, que contempla la liberaci\u00f3n de 48 rehenes \u2014vivos y fallecidos\u2014 retenidos en Gaza. Hasta el momento, resta la entrega del cuerpo del \u00faltimo cautivo, que a\u00fan no ha podido ser localizado, condici\u00f3n necesaria para avanzar hacia la siguiente etapa del acuerdo.<\/p>\n\n\n\n<p>(mn\/efe, ap)<\/p>\n\n\n\n<p><\/p>\n","protected":false},"excerpt":{"rendered":"<p>El acuerdo de alto el fuego con Israel contin\u00faa en su primera etapa y solo avanzar\u00e1 tras la entrega del \u00faltimo reh\u00e9n. Una delegaci\u00f3n del grupo Ham\u00e1s, encabezada por el l\u00edder de su comit\u00e9 pol\u00edtico, Jalil al Haya, lleg\u00f3 este domingo (11.01.2026) a El Cairo para abordar con los mediadores la segunda fase del acuerdo [&hellip;]<\/p>\n","protected":false},"author":1,"featured_media":11603,"comment_status":"open","ping_status":"open","sticky":false,"template":"","format":"standard","meta":{"footnotes":""},"categories":[2],"tags":[],"class_list":["post-11602","post","type-post","status-publish","format-standard","has-post-thumbnail","hentry","category-actualidad"],"_links":{"self":[{"href":"http:\/\/www.elcapital.pe\/index.php?rest_route=\/wp\/v2\/posts\/11602","targetHints":{"allow":["GET"]}}],"collection":[{"href":"http:\/\/www.elcapital.pe\/index.php?rest_route=\/wp\/v2\/posts"}],"about":[{"href":"http:\/\/www.elcapital.pe\/index.php?rest_route=\/wp\/v2\/types\/post"}],"author":[{"embeddable":true,"href":"http:\/\/www.elcapital.pe\/index.php?rest_route=\/wp\/v2\/users\/1"}],"replies":[{"embeddable":true,"href":"http:\/\/www.elcapital.pe\/index.php?rest_route=%2Fwp%2Fv2%2Fcomments&post=11602"}],"version-history":[{"count":1,"href":"http:\/\/www.elcapital.pe\/index.php?rest_route=\/wp\/v2\/posts\/11602\/revisions"}],"predecessor-version":[{"id":11604,"href":"http:\/\/www.elcapital.pe\/index.php?rest_route=\/wp\/v2\/posts\/11602\/revisions\/11604"}],"wp:featuredmedia":[{"embeddable":true,"href":"http:\/\/www.elcapital.pe\/index.php?rest_route=\/wp\/v2\/media\/11603"}],"wp:attachment":[{"href":"http:\/\/www.elcapital.pe\/index.php?rest_route=%2Fwp%2Fv2%2Fmedia&parent=11602"}],"wp:term":[{"taxonomy":"category","embeddable":true,"href":"http:\/\/www.elcapital.pe\/index.php?rest_route=%2Fwp%2Fv2%2Fcategories&post=11602"},{"taxonomy":"post_tag","embeddable":true,"href":"http:\/\/www.elcapital.pe\/index.php?rest_route=%2Fwp%2Fv2%2Ftags&post=11602"}],"curies":[{"name":"wp","href":"https:\/\/api.w.org\/{rel}","templated":true}]}}