{"id":11599,"date":"2026-01-11T19:14:22","date_gmt":"2026-01-12T00:14:22","guid":{"rendered":"https:\/\/www.elcapital.pe\/?p=11599"},"modified":"2026-01-11T19:14:22","modified_gmt":"2026-01-12T00:14:22","slug":"iran-endurece-la-represion-a-las-protestas-y-convoca-a-una-marcha-de-apoyo","status":"publish","type":"post","link":"http:\/\/www.elcapital.pe\/?p=11599","title":{"rendered":"IRAN ENDURECE LA REPRESION A LAS PROTESTAS Y CONVOCA A UNA MARCHA DE APOYO"},"content":{"rendered":"\n<p>No existe informaci\u00f3n oficial sobre el n\u00famero de fallecidos en las manifestaciones, pero organizaciones de derechos humanos reportan cientos de v\u00edctimas.<\/p>\n\n\n\n<p>El Gobierno de Ir\u00e1n ha intensificado la represi\u00f3n contra las protestas que sacuden el pa\u00eds desde el pasado 28 de diciembre, en medio de una profunda crisis econ\u00f3mica. La organizaci\u00f3n Human Rights Activists News Agency (HRANA), con sede en Estados Unidos, denunci\u00f3 que la respuesta de las fuerzas de seguridad ha derivado en una \u201cmatanza\u201d y elev\u00f3 a al menos 538 el n\u00famero de muertos.<\/p>\n\n\n\n<p>Seg\u00fan HRANA, las protestas se han extendido a m\u00e1s de un centenar de ciudades iran\u00edes y los arrestos alcanzan ya las 10.675 personas, entre ellas 160 menores de edad y 52 estudiantes.<\/p>\n\n\n\n<p>Otras ONG ofrecen cifras distintas. Iran Human Rights, con sede en Noruega, report\u00f3 al menos 192 manifestantes muertos en lo que considera las protestas antigubernamentales m\u00e1s multitudinarias de los \u00faltimos tres a\u00f1os. No obstante, la organizaci\u00f3n advirti\u00f3 que el n\u00famero real podr\u00eda ser mayor debido al corte de internet y a la ausencia de datos oficiales.<\/p>\n\n\n\n<p>Apag\u00f3n informativo y denuncias de masacre<\/p>\n\n\n\n<p>El apag\u00f3n de internet \u201cya ha superado las 60 horas\u201d, denunci\u00f3 este domingo Netblocks, entidad que monitorea la gobernanza de la red. \u201cEsta medida de censura representa una amenaza directa para la seguridad y el bienestar de los iran\u00edes\u201d, alert\u00f3.<\/p>\n\n\n\n<p>En la misma l\u00ednea, el Centro para los Derechos Humanos en Ir\u00e1n (CHRI), con sede en Estados Unidos, afirm\u00f3 haber recibido \u201crelatos de testigos presenciales e informes cre\u00edbles\u201d que indican que cientos de manifestantes han muerto durante el actual corte de comunicaciones. \u201cSe est\u00e1 llevando a cabo una masacre en Ir\u00e1n. El mundo debe actuar ahora para evitar m\u00e1s p\u00e9rdidas de vidas\u201d, se\u00f1al\u00f3 la organizaci\u00f3n.<\/p>\n\n\n\n<p>El CHRI a\u00f1adi\u00f3 que los hospitales se encuentran desbordados, las reservas de sangre se est\u00e1n agotando y que numerosos manifestantes han sufrido disparos, incluso en los ojos.<\/p>\n\n\n\n<p>De protestas econ\u00f3micas a un desaf\u00edo al r\u00e9gimen<\/p>\n\n\n\n<p>Las manifestaciones comenzaron hace dos semanas como protestas contra el aumento del costo de vida, pero con el paso de los d\u00edas derivaron en un movimiento de rechazo al r\u00e9gimen teocr\u00e1tico que gobierna Ir\u00e1n desde la Revoluci\u00f3n Isl\u00e1mica de 1979.<\/p>\n\n\n\n<p>Ante este escenario, el secretario general de la ONU, Ant\u00f3nio Guterres, inst\u00f3 este domingo a las autoridades iran\u00edes a ejercer \u201cla m\u00e1xima moderaci\u00f3n\u201d y a abstenerse de utilizar la fuerza de manera \u201cinnecesaria o desproporcionada\u201d.<\/p>\n\n\n\n<p>En contraste, el Gobierno iran\u00ed decret\u00f3 tres d\u00edas de duelo nacional por los \u201cm\u00e1rtires\u201d, incluyendo a miembros de las fuerzas de seguridad fallecidos durante las protestas. El presidente Masoud Pezeshkian llam\u00f3 a la poblaci\u00f3n a participar este lunes en una \u201cmarcha nacional de resistencia\u201d para condenar la violencia atribuida, seg\u00fan la versi\u00f3n oficial, a \u201ccriminales terroristas urbanos\u201d.<\/p>\n\n\n\n<p>Las protestas representan uno de los mayores desaf\u00edos al liderazgo del ayatol\u00e1 Al\u00ed Jamenei, de 86 a\u00f1os, desde la guerra de 12 d\u00edas entre Israel y la Rep\u00fablica Isl\u00e1mica en junio pasado, un conflicto respaldado por Estados Unidos, que se ha declarado \u201cdispuesto a ayudar\u201d al pueblo iran\u00ed.<\/p>\n\n\n\n<p>(mn\/efe, afp)<\/p>\n\n\n\n<p><\/p>\n","protected":false},"excerpt":{"rendered":"<p>No existe informaci\u00f3n oficial sobre el n\u00famero de fallecidos en las manifestaciones, pero organizaciones de derechos humanos reportan cientos de v\u00edctimas. El Gobierno de Ir\u00e1n ha intensificado la represi\u00f3n contra las protestas que sacuden el pa\u00eds desde el pasado 28 de diciembre, en medio de una profunda crisis econ\u00f3mica. La organizaci\u00f3n Human Rights Activists News [&hellip;]<\/p>\n","protected":false},"author":1,"featured_media":11600,"comment_status":"open","ping_status":"open","sticky":false,"template":"","format":"standard","meta":{"footnotes":""},"categories":[2],"tags":[],"class_list":["post-11599","post","type-post","status-publish","format-standard","has-post-thumbnail","hentry","category-actualidad"],"_links":{"self":[{"href":"http:\/\/www.elcapital.pe\/index.php?rest_route=\/wp\/v2\/posts\/11599","targetHints":{"allow":["GET"]}}],"collection":[{"href":"http:\/\/www.elcapital.pe\/index.php?rest_route=\/wp\/v2\/posts"}],"about":[{"href":"http:\/\/www.elcapital.pe\/index.php?rest_route=\/wp\/v2\/types\/post"}],"author":[{"embeddable":true,"href":"http:\/\/www.elcapital.pe\/index.php?rest_route=\/wp\/v2\/users\/1"}],"replies":[{"embeddable":true,"href":"http:\/\/www.elcapital.pe\/index.php?rest_route=%2Fwp%2Fv2%2Fcomments&post=11599"}],"version-history":[{"count":1,"href":"http:\/\/www.elcapital.pe\/index.php?rest_route=\/wp\/v2\/posts\/11599\/revisions"}],"predecessor-version":[{"id":11601,"href":"http:\/\/www.elcapital.pe\/index.php?rest_route=\/wp\/v2\/posts\/11599\/revisions\/11601"}],"wp:featuredmedia":[{"embeddable":true,"href":"http:\/\/www.elcapital.pe\/index.php?rest_route=\/wp\/v2\/media\/11600"}],"wp:attachment":[{"href":"http:\/\/www.elcapital.pe\/index.php?rest_route=%2Fwp%2Fv2%2Fmedia&parent=11599"}],"wp:term":[{"taxonomy":"category","embeddable":true,"href":"http:\/\/www.elcapital.pe\/index.php?rest_route=%2Fwp%2Fv2%2Fcategories&post=11599"},{"taxonomy":"post_tag","embeddable":true,"href":"http:\/\/www.elcapital.pe\/index.php?rest_route=%2Fwp%2Fv2%2Ftags&post=11599"}],"curies":[{"name":"wp","href":"https:\/\/api.w.org\/{rel}","templated":true}]}}