{"id":11577,"date":"2026-01-09T20:35:24","date_gmt":"2026-01-10T01:35:24","guid":{"rendered":"https:\/\/www.elcapital.pe\/?p=11577"},"modified":"2026-01-09T20:35:24","modified_gmt":"2026-01-10T01:35:24","slug":"paro-de-transportistas-este-15-de-enero-gremios-confirman-suspension-del-servicio-y-movilizacion-de-buses","status":"publish","type":"post","link":"http:\/\/www.elcapital.pe\/?p=11577","title":{"rendered":"PARO DE TRANSPORTISTAS ESTE 15 DE ENERO: GREMIOS CONFIRMAN SUSPENSION DEL SERVICIO Y MOVILIZACION DE BUSES\u00a0\u00a0"},"content":{"rendered":"\n<p>Ante la escalada de ataques violentos en Lima y el Callao, los principales gremios de transporte urbano anunciaron un paro total del servicio y una movilizaci\u00f3n con sus unidades para el jueves 15 de enero, en demanda de medidas urgentes de seguridad al Gobierno de Jos\u00e9 Jer\u00ed.<\/p>\n\n\n\n<p>Los dirigentes del sector confirmaron que la protesta responde a los recientes atentados contra choferes y cobradores, hechos que han incrementado la alarma entre los trabajadores y los usuarios del transporte p\u00fablico.<\/p>\n\n\n\n<p>Mart\u00edn Ojeda, vocero de Transportes Unidos, inform\u00f3 que en los \u00faltimos nueve d\u00edas se han registrado al menos ocho ataques violentos contra personal del sector. Precis\u00f3 que la decisi\u00f3n se adopt\u00f3 tras una reuni\u00f3n de emergencia, motivada por la falta de respuestas efectivas del Ejecutivo frente al avance de la extorsi\u00f3n y el sicariato.<\/p>\n\n\n\n<p>\u201cNo se trata de un tema personal ni de intereses mezquinos. No vemos ning\u00fan avance real en la lucha contra la extorsi\u00f3n y el sicariato. Los ataques contin\u00faan y necesitamos acciones concretas\u201d, declar\u00f3 Ojeda.<\/p>\n\n\n\n<p>Empresas y rutas que participar\u00e1n en el paro<\/p>\n\n\n\n<p>La medida contempla la suspensi\u00f3n de operaciones de m\u00e1s de 12.000 unidades afiliadas a Transportes Unidos. Entre las empresas que participar\u00edan en el paro figuran:<\/p>\n\n\n\n<p>La 50<\/p>\n\n\n\n<p>Santa Catalina<\/p>\n\n\n\n<p>Cristo Pachacamilla<\/p>\n\n\n\n<p>Edilberto Ramos<\/p>\n\n\n\n<p>El Urbanito<\/p>\n\n\n\n<p>Nueva Am\u00e9rica<\/p>\n\n\n\n<p>Hu\u00e1scar<\/p>\n\n\n\n<p>El R\u00e1pido<\/p>\n\n\n\n<p>Nuevo Per\u00fa<\/p>\n\n\n\n<p>Otras empresas asociadas<\/p>\n\n\n\n<p>Los buses se concentrar\u00e1n en distintos puntos estrat\u00e9gicos de Lima y el Callao, por lo que se prev\u00e9 una jornada de fuerte impacto en la movilidad urbana.<\/p>\n\n\n\n<p><\/p>\n","protected":false},"excerpt":{"rendered":"<p>Ante la escalada de ataques violentos en Lima y el Callao, los principales gremios de transporte urbano anunciaron un paro total del servicio y una movilizaci\u00f3n con sus unidades para el jueves 15 de enero, en demanda de medidas urgentes de seguridad al Gobierno de Jos\u00e9 Jer\u00ed. Los dirigentes del sector confirmaron que la protesta [&hellip;]<\/p>\n","protected":false},"author":1,"featured_media":11578,"comment_status":"open","ping_status":"open","sticky":false,"template":"","format":"standard","meta":{"footnotes":""},"categories":[2],"tags":[],"class_list":["post-11577","post","type-post","status-publish","format-standard","has-post-thumbnail","hentry","category-actualidad"],"_links":{"self":[{"href":"http:\/\/www.elcapital.pe\/index.php?rest_route=\/wp\/v2\/posts\/11577","targetHints":{"allow":["GET"]}}],"collection":[{"href":"http:\/\/www.elcapital.pe\/index.php?rest_route=\/wp\/v2\/posts"}],"about":[{"href":"http:\/\/www.elcapital.pe\/index.php?rest_route=\/wp\/v2\/types\/post"}],"author":[{"embeddable":true,"href":"http:\/\/www.elcapital.pe\/index.php?rest_route=\/wp\/v2\/users\/1"}],"replies":[{"embeddable":true,"href":"http:\/\/www.elcapital.pe\/index.php?rest_route=%2Fwp%2Fv2%2Fcomments&post=11577"}],"version-history":[{"count":1,"href":"http:\/\/www.elcapital.pe\/index.php?rest_route=\/wp\/v2\/posts\/11577\/revisions"}],"predecessor-version":[{"id":11579,"href":"http:\/\/www.elcapital.pe\/index.php?rest_route=\/wp\/v2\/posts\/11577\/revisions\/11579"}],"wp:featuredmedia":[{"embeddable":true,"href":"http:\/\/www.elcapital.pe\/index.php?rest_route=\/wp\/v2\/media\/11578"}],"wp:attachment":[{"href":"http:\/\/www.elcapital.pe\/index.php?rest_route=%2Fwp%2Fv2%2Fmedia&parent=11577"}],"wp:term":[{"taxonomy":"category","embeddable":true,"href":"http:\/\/www.elcapital.pe\/index.php?rest_route=%2Fwp%2Fv2%2Fcategories&post=11577"},{"taxonomy":"post_tag","embeddable":true,"href":"http:\/\/www.elcapital.pe\/index.php?rest_route=%2Fwp%2Fv2%2Ftags&post=11577"}],"curies":[{"name":"wp","href":"https:\/\/api.w.org\/{rel}","templated":true}]}}