{"id":10708,"date":"2025-11-14T21:18:40","date_gmt":"2025-11-15T02:18:40","guid":{"rendered":"https:\/\/www.elcapital.pe\/?p=10708"},"modified":"2025-11-14T21:18:40","modified_gmt":"2025-11-15T02:18:40","slug":"el-presidente-de-costa-rica-tilda-de-linchamiento-el-proceso-para-retirarle-la-inmunidad","status":"publish","type":"post","link":"http:\/\/www.elcapital.pe\/?p=10708","title":{"rendered":"EL PRESIDENTE DE COSTA RICA TILDA DE \u201cLINCHAMIENTO\u201d EL PROCESO PARA RETIRARLE LA INMUNIDAD"},"content":{"rendered":"\n<p>El presidente Rodrigo Chaves calific\u00f3 este viernes 14 de noviembre como un \u201clinchamiento pol\u00edtico descarado\u201d el proceso legislativo que eval\u00faa retirarle la inmunidad por presunta intervenci\u00f3n en las elecciones de febrero de 2026. Durante su comparecencia ante una comisi\u00f3n parlamentaria, el mandatario asegur\u00f3 que el procedimiento es \u201cun circo\u201d y una \u201c\u00f3pera bufa\u201d.<\/p>\n\n\n\n<p>El Tribunal Supremo de Elecciones (TSE) pidi\u00f3 al Congreso levantar la inmunidad del mandatario para investigarlo por \u201cbeligerancia pol\u00edtica\u201d. Chaves, de 64 a\u00f1os, enfrenta este proceso por segunda vez: en septiembre, el Parlamento rechaz\u00f3 un pedido similar vinculado a presuntos hechos de corrupci\u00f3n, el primero en la historia del pa\u00eds contra un presidente en ejercicio.<\/p>\n\n\n\n<p>\u201cEste es un d\u00eda vergonzoso para la patria\u201d, declar\u00f3 el gobernante antes de retirarse sin responder preguntas de los diputados. Su salida fue criticada por la legisladora Roc\u00edo Alfaro, integrante de la comisi\u00f3n, quien se\u00f1al\u00f3 que el presidente \u201cdecidi\u00f3 huir por miedo a responder por sus actos\u201d.<\/p>\n\n\n\n<p>A las afueras de la sede legislativa, Chaves encabez\u00f3 una concentraci\u00f3n de simpatizantes convocada por \u00e9l mismo. Entre ellos, algunos denunciaron una actuaci\u00f3n parcializada del Tribunal Supremo de Elecciones.<\/p>\n\n\n\n<p>\u00bfQu\u00e9 ocurrir\u00eda si pierde la inmunidad?<\/p>\n\n\n\n<p>De aprobarse el levantamiento del fuero, Chaves deber\u00e1 afrontar un proceso judicial que podr\u00eda derivar en su destituci\u00f3n y en una inhabilitaci\u00f3n para ejercer cargos p\u00fablicos de entre dos y cuatro a\u00f1os.<\/p>\n\n\n\n<p>El Tribunal Electoral ya hab\u00eda prohibido en junio al presidente \u2014quien no puede presentarse a la reelecci\u00f3n\u2014 participar en actividades de campa\u00f1a, al considerar que utiliz\u00f3 su cargo para favorecer un proyecto pol\u00edtico. Chaves, en el poder desde 2022, acusa a la Fiscal\u00eda, la Corte Suprema y el Congreso de bloquear sus reformas, mientras sus cr\u00edticos lo se\u00f1alan por tendencias autoritarias.<\/p>\n\n\n\n<p>Con AFP<\/p>\n","protected":false},"excerpt":{"rendered":"<p>El presidente Rodrigo Chaves calific\u00f3 este viernes 14 de noviembre como un \u201clinchamiento pol\u00edtico descarado\u201d el proceso legislativo que eval\u00faa retirarle la inmunidad por presunta intervenci\u00f3n en las elecciones de febrero de 2026. Durante su comparecencia ante una comisi\u00f3n parlamentaria, el mandatario asegur\u00f3 que el procedimiento es \u201cun circo\u201d y una \u201c\u00f3pera bufa\u201d. El Tribunal [&hellip;]<\/p>\n","protected":false},"author":1,"featured_media":10709,"comment_status":"open","ping_status":"open","sticky":false,"template":"","format":"standard","meta":{"footnotes":""},"categories":[2],"tags":[],"class_list":["post-10708","post","type-post","status-publish","format-standard","has-post-thumbnail","hentry","category-actualidad"],"_links":{"self":[{"href":"http:\/\/www.elcapital.pe\/index.php?rest_route=\/wp\/v2\/posts\/10708","targetHints":{"allow":["GET"]}}],"collection":[{"href":"http:\/\/www.elcapital.pe\/index.php?rest_route=\/wp\/v2\/posts"}],"about":[{"href":"http:\/\/www.elcapital.pe\/index.php?rest_route=\/wp\/v2\/types\/post"}],"author":[{"embeddable":true,"href":"http:\/\/www.elcapital.pe\/index.php?rest_route=\/wp\/v2\/users\/1"}],"replies":[{"embeddable":true,"href":"http:\/\/www.elcapital.pe\/index.php?rest_route=%2Fwp%2Fv2%2Fcomments&post=10708"}],"version-history":[{"count":1,"href":"http:\/\/www.elcapital.pe\/index.php?rest_route=\/wp\/v2\/posts\/10708\/revisions"}],"predecessor-version":[{"id":10710,"href":"http:\/\/www.elcapital.pe\/index.php?rest_route=\/wp\/v2\/posts\/10708\/revisions\/10710"}],"wp:featuredmedia":[{"embeddable":true,"href":"http:\/\/www.elcapital.pe\/index.php?rest_route=\/wp\/v2\/media\/10709"}],"wp:attachment":[{"href":"http:\/\/www.elcapital.pe\/index.php?rest_route=%2Fwp%2Fv2%2Fmedia&parent=10708"}],"wp:term":[{"taxonomy":"category","embeddable":true,"href":"http:\/\/www.elcapital.pe\/index.php?rest_route=%2Fwp%2Fv2%2Fcategories&post=10708"},{"taxonomy":"post_tag","embeddable":true,"href":"http:\/\/www.elcapital.pe\/index.php?rest_route=%2Fwp%2Fv2%2Ftags&post=10708"}],"curies":[{"name":"wp","href":"https:\/\/api.w.org\/{rel}","templated":true}]}}