{"id":10687,"date":"2025-11-13T21:30:18","date_gmt":"2025-11-14T02:30:18","guid":{"rendered":"https:\/\/www.elcapital.pe\/?p=10687"},"modified":"2025-11-13T21:30:18","modified_gmt":"2025-11-14T02:30:18","slug":"muere-a-los-101-anos-juan-ponce-enrile-artifice-de-la-ley-marcial-en-filipinas","status":"publish","type":"post","link":"http:\/\/www.elcapital.pe\/?p=10687","title":{"rendered":"MUERE A LOS 101 A\u00d1OS JUAN PONCE ENRILE, ARTIFICE DE LA LEY MARCIAL EN FILIPINAS\u00a0\u00a0"},"content":{"rendered":"\n<p>Juan Ponce Enrile, figura central y pol\u00e9mica de la pol\u00edtica filipina durante m\u00e1s de medio siglo, muri\u00f3 a los 101 a\u00f1os en su casa de Manila, seg\u00fan inform\u00f3 su hija. Tratado por neumon\u00eda, falleci\u00f3 \u201crodeado de la familia\u201d y habr\u00e1 un velatorio p\u00fablico.<\/p>\n\n\n\n<p>Formado en Harvard, Enrile fue el principal arquitecto de la ley marcial impuesta por Ferdinand Marcos en 1972, etapa marcada por graves violaciones de derechos humanos. Tras a\u00f1os como hombre fuerte del r\u00e9gimen, se volvi\u00f3 contra el dictador y tuvo un rol decisivo en la Revoluci\u00f3n del Poder Popular de 1986, que lo derroc\u00f3.<\/p>\n\n\n\n<p>Pese a su papel en la represi\u00f3n, Enrile nunca enfrent\u00f3 prisi\u00f3n ni pidi\u00f3 disculpas. En lugar de ello, mantuvo una extensa carrera pol\u00edtica, ocupando cargos clave \u2014incluidos los de ministro de Defensa y presidente del Senado\u2014 y sobrevivi\u00f3 a varios procesos judiciales por presunta corrupci\u00f3n y conspiraciones golpistas.<\/p>\n\n\n\n<p>Tras el retorno del clan Marcos al poder, Enrile volvi\u00f3 a alinearse con ellos. En 2022, Ferdinand Marcos Jr. lo nombr\u00f3 principal asesor jur\u00eddico, dos a\u00f1os antes de que el veterano pol\u00edtico cumpliera un siglo.<\/p>\n\n\n\n<p>Nacido en 1924 como Juanito Furagganan, hijo extramatrimonial de un abogado influyente, adopt\u00f3 luego el apellido de su padre y ascendi\u00f3 r\u00e1pidamente en la \u00e9lite pol\u00edtica. Su figura qued\u00f3 asociada tanto al aparato represivo del r\u00e9gimen como al levantamiento democr\u00e1tico que lo destron\u00f3, s\u00edmbolo de una longeva y controvertida capacidad de adaptaci\u00f3n.<\/p>\n\n\n\n<p>Con AFP.<\/p>\n","protected":false},"excerpt":{"rendered":"<p>Juan Ponce Enrile, figura central y pol\u00e9mica de la pol\u00edtica filipina durante m\u00e1s de medio siglo, muri\u00f3 a los 101 a\u00f1os en su casa de Manila, seg\u00fan inform\u00f3 su hija. Tratado por neumon\u00eda, falleci\u00f3 \u201crodeado de la familia\u201d y habr\u00e1 un velatorio p\u00fablico. Formado en Harvard, Enrile fue el principal arquitecto de la ley marcial [&hellip;]<\/p>\n","protected":false},"author":1,"featured_media":10688,"comment_status":"open","ping_status":"open","sticky":false,"template":"","format":"standard","meta":{"footnotes":""},"categories":[2],"tags":[],"class_list":["post-10687","post","type-post","status-publish","format-standard","has-post-thumbnail","hentry","category-actualidad"],"_links":{"self":[{"href":"http:\/\/www.elcapital.pe\/index.php?rest_route=\/wp\/v2\/posts\/10687","targetHints":{"allow":["GET"]}}],"collection":[{"href":"http:\/\/www.elcapital.pe\/index.php?rest_route=\/wp\/v2\/posts"}],"about":[{"href":"http:\/\/www.elcapital.pe\/index.php?rest_route=\/wp\/v2\/types\/post"}],"author":[{"embeddable":true,"href":"http:\/\/www.elcapital.pe\/index.php?rest_route=\/wp\/v2\/users\/1"}],"replies":[{"embeddable":true,"href":"http:\/\/www.elcapital.pe\/index.php?rest_route=%2Fwp%2Fv2%2Fcomments&post=10687"}],"version-history":[{"count":1,"href":"http:\/\/www.elcapital.pe\/index.php?rest_route=\/wp\/v2\/posts\/10687\/revisions"}],"predecessor-version":[{"id":10689,"href":"http:\/\/www.elcapital.pe\/index.php?rest_route=\/wp\/v2\/posts\/10687\/revisions\/10689"}],"wp:featuredmedia":[{"embeddable":true,"href":"http:\/\/www.elcapital.pe\/index.php?rest_route=\/wp\/v2\/media\/10688"}],"wp:attachment":[{"href":"http:\/\/www.elcapital.pe\/index.php?rest_route=%2Fwp%2Fv2%2Fmedia&parent=10687"}],"wp:term":[{"taxonomy":"category","embeddable":true,"href":"http:\/\/www.elcapital.pe\/index.php?rest_route=%2Fwp%2Fv2%2Fcategories&post=10687"},{"taxonomy":"post_tag","embeddable":true,"href":"http:\/\/www.elcapital.pe\/index.php?rest_route=%2Fwp%2Fv2%2Ftags&post=10687"}],"curies":[{"name":"wp","href":"https:\/\/api.w.org\/{rel}","templated":true}]}}