{"id":10610,"date":"2025-11-07T22:06:00","date_gmt":"2025-11-08T03:06:00","guid":{"rendered":"https:\/\/www.elcapital.pe\/?p=10610"},"modified":"2025-11-07T22:06:00","modified_gmt":"2025-11-08T03:06:00","slug":"ee-uu-revoca-el-tps-a-250000-venezolanos-y-agrava-la-crisis-migratoria","status":"publish","type":"post","link":"http:\/\/www.elcapital.pe\/?p=10610","title":{"rendered":"EE. UU. REVOCA EL TPS A 250,000 VENEZOLANOS Y AGRAVA LA CRISIS MIGRATORIA\u00a0\u00a0\u00a0"},"content":{"rendered":"\n<p>La administraci\u00f3n de Donald Trump revoc\u00f3 el Estatus de Protecci\u00f3n Temporal (TPS) a 250.000 venezolanos \u2014que se suman a otros 320.000 previamente afectados\u2014, dej\u00e1ndolos sin permiso de residencia ni trabajo en Estados Unidos desde la medianoche del 7 de noviembre. Es la primera vez en 35 a\u00f1os que una administraci\u00f3n elimina por completo el TPS para una nacionalidad.<\/p>\n\n\n\n<p>La medida, que revierte la pol\u00edtica de acogida de Joe Biden, deja a cientos de miles de migrantes expuestos a la deportaci\u00f3n. \u201cNo podemos regresar a Venezuela, all\u00e1 ya no queda nada\u201d, dijo a EFE Oriana, una madre venezolana de 38 a\u00f1os que ahora teme vivir en la clandestinidad.<\/p>\n\n\n\n<p>El abogado de inmigraci\u00f3n Fernando Romo explic\u00f3 que quienes ten\u00edan \u00f3rdenes previas de deportaci\u00f3n ser\u00e1n los primeros en ser buscados por el Servicio de Inmigraci\u00f3n y Aduanas (ICE). Algunos a\u00fan podr\u00edan solicitar asilo o visas especiales, aunque son procesos complejos.<\/p>\n\n\n\n<p>Henrique Capriles calific\u00f3 la decisi\u00f3n de \u201cinjusta\u201d y advirti\u00f3 que \u201cobliga a miles de familias a volver sin garant\u00edas de libertad ni condiciones dignas\u201d.<\/p>\n\n\n\n<p>El TPS fue otorgado a los venezolanos en 2021 por Biden y ampliado en 2023, beneficiando a m\u00e1s de 600.000 personas que hu\u00edan de la crisis en su pa\u00eds. Pero Trump, al asumir el cargo, anul\u00f3 la pr\u00f3rroga alegando que Venezuela ya \u201cno cumple los requisitos estatutarios\u201d.<\/p>\n\n\n\n<p>Tras meses de litigios, la Corte Suprema valid\u00f3 la decisi\u00f3n, marcando el mayor retroceso en la historia del programa humanitario. Desde ahora, m\u00e1s de medio mill\u00f3n de venezolanos quedan en riesgo de detenci\u00f3n o deportaci\u00f3n inmediata.<\/p>\n\n\n\n<p>Con informaci\u00f3n de EFE, Reuters y AP.<\/p>\n","protected":false},"excerpt":{"rendered":"<p>La administraci\u00f3n de Donald Trump revoc\u00f3 el Estatus de Protecci\u00f3n Temporal (TPS) a 250.000 venezolanos \u2014que se suman a otros 320.000 previamente afectados\u2014, dej\u00e1ndolos sin permiso de residencia ni trabajo en Estados Unidos desde la medianoche del 7 de noviembre. Es la primera vez en 35 a\u00f1os que una administraci\u00f3n elimina por completo el TPS [&hellip;]<\/p>\n","protected":false},"author":1,"featured_media":10611,"comment_status":"open","ping_status":"open","sticky":false,"template":"","format":"standard","meta":{"footnotes":""},"categories":[2],"tags":[],"class_list":["post-10610","post","type-post","status-publish","format-standard","has-post-thumbnail","hentry","category-actualidad"],"_links":{"self":[{"href":"http:\/\/www.elcapital.pe\/index.php?rest_route=\/wp\/v2\/posts\/10610","targetHints":{"allow":["GET"]}}],"collection":[{"href":"http:\/\/www.elcapital.pe\/index.php?rest_route=\/wp\/v2\/posts"}],"about":[{"href":"http:\/\/www.elcapital.pe\/index.php?rest_route=\/wp\/v2\/types\/post"}],"author":[{"embeddable":true,"href":"http:\/\/www.elcapital.pe\/index.php?rest_route=\/wp\/v2\/users\/1"}],"replies":[{"embeddable":true,"href":"http:\/\/www.elcapital.pe\/index.php?rest_route=%2Fwp%2Fv2%2Fcomments&post=10610"}],"version-history":[{"count":1,"href":"http:\/\/www.elcapital.pe\/index.php?rest_route=\/wp\/v2\/posts\/10610\/revisions"}],"predecessor-version":[{"id":10612,"href":"http:\/\/www.elcapital.pe\/index.php?rest_route=\/wp\/v2\/posts\/10610\/revisions\/10612"}],"wp:featuredmedia":[{"embeddable":true,"href":"http:\/\/www.elcapital.pe\/index.php?rest_route=\/wp\/v2\/media\/10611"}],"wp:attachment":[{"href":"http:\/\/www.elcapital.pe\/index.php?rest_route=%2Fwp%2Fv2%2Fmedia&parent=10610"}],"wp:term":[{"taxonomy":"category","embeddable":true,"href":"http:\/\/www.elcapital.pe\/index.php?rest_route=%2Fwp%2Fv2%2Fcategories&post=10610"},{"taxonomy":"post_tag","embeddable":true,"href":"http:\/\/www.elcapital.pe\/index.php?rest_route=%2Fwp%2Fv2%2Ftags&post=10610"}],"curies":[{"name":"wp","href":"https:\/\/api.w.org\/{rel}","templated":true}]}}