{"id":10607,"date":"2025-11-07T21:57:24","date_gmt":"2025-11-08T02:57:24","guid":{"rendered":"https:\/\/www.elcapital.pe\/?p=10607"},"modified":"2025-11-07T21:57:24","modified_gmt":"2025-11-08T02:57:24","slug":"macron-y-sheinbaum-sellan-alianza-estrategia-en-medio-de-tensiones-con-trump","status":"publish","type":"post","link":"http:\/\/www.elcapital.pe\/?p=10607","title":{"rendered":"MACRON Y SHEINBAUM SELLAN ALIANZA ESTRATEGIA EN MEDIO DE TENSIONES CON TRUMP\u00a0"},"content":{"rendered":"\n<p>M\u00e9xico y Francia acordaron fortalecer su cooperaci\u00f3n econ\u00f3mica y cultural durante la visita del presidente Emmanuel Macron a Ciudad de M\u00e9xico, la primera de un mandatario franc\u00e9s en once a\u00f1os. El encuentro busca afianzar la relaci\u00f3n bilateral mientras el gobierno de Claudia Sheinbaum enfrenta nuevos aranceles impuestos por Donald Trump.<\/p>\n\n\n\n<p>\u201cHoy iniciamos un nuevo cap\u00edtulo en nuestra alianza estrat\u00e9gica\u201d, declar\u00f3 Macron, quien destac\u00f3 la continuidad de la inversi\u00f3n de m\u00e1s de 700 empresas francesas, sobre todo en el sector aeroespacial. Sheinbaum, por su parte, subray\u00f3 que la renovaci\u00f3n del acuerdo comercial con la Uni\u00f3n Europea en 2026 abrir\u00e1 nuevas oportunidades y coincidir\u00e1 con el bicentenario de las relaciones diplom\u00e1ticas entre ambos pa\u00edses.<\/p>\n\n\n\n<p>La visita incluy\u00f3 un gesto simb\u00f3lico: el intercambio temporal de los c\u00f3dices Azcatitl\u00e1n y Boturini, piezas fundamentales del patrimonio mexica. \u201cEstos c\u00f3dices son esenciales para el di\u00e1logo hist\u00f3rico entre Europa y M\u00e9xico\u201d, afirm\u00f3 Sheinbaum desde Palacio Nacional.<\/p>\n\n\n\n<p>Macron lleg\u00f3 a M\u00e9xico tras participar en la COP30 en Brasil, acompa\u00f1ado de una delegaci\u00f3n empresarial. Ambos gobiernos anunciaron una agenda com\u00fan para ampliar la cooperaci\u00f3n econ\u00f3mica, cient\u00edfica, ambiental y de seguridad.<\/p>\n\n\n\n<p>Con este encuentro, Francia y M\u00e9xico consolidan una alianza estrat\u00e9gica que combina diplomacia, cultura y negocios, en un momento en que la relaci\u00f3n de la regi\u00f3n con Estados Unidos atraviesa tensiones comerciales.<\/p>\n","protected":false},"excerpt":{"rendered":"<p>M\u00e9xico y Francia acordaron fortalecer su cooperaci\u00f3n econ\u00f3mica y cultural durante la visita del presidente Emmanuel Macron a Ciudad de M\u00e9xico, la primera de un mandatario franc\u00e9s en once a\u00f1os. El encuentro busca afianzar la relaci\u00f3n bilateral mientras el gobierno de Claudia Sheinbaum enfrenta nuevos aranceles impuestos por Donald Trump. \u201cHoy iniciamos un nuevo cap\u00edtulo [&hellip;]<\/p>\n","protected":false},"author":1,"featured_media":10608,"comment_status":"open","ping_status":"open","sticky":false,"template":"","format":"standard","meta":{"footnotes":""},"categories":[2],"tags":[],"class_list":["post-10607","post","type-post","status-publish","format-standard","has-post-thumbnail","hentry","category-actualidad"],"_links":{"self":[{"href":"http:\/\/www.elcapital.pe\/index.php?rest_route=\/wp\/v2\/posts\/10607","targetHints":{"allow":["GET"]}}],"collection":[{"href":"http:\/\/www.elcapital.pe\/index.php?rest_route=\/wp\/v2\/posts"}],"about":[{"href":"http:\/\/www.elcapital.pe\/index.php?rest_route=\/wp\/v2\/types\/post"}],"author":[{"embeddable":true,"href":"http:\/\/www.elcapital.pe\/index.php?rest_route=\/wp\/v2\/users\/1"}],"replies":[{"embeddable":true,"href":"http:\/\/www.elcapital.pe\/index.php?rest_route=%2Fwp%2Fv2%2Fcomments&post=10607"}],"version-history":[{"count":1,"href":"http:\/\/www.elcapital.pe\/index.php?rest_route=\/wp\/v2\/posts\/10607\/revisions"}],"predecessor-version":[{"id":10609,"href":"http:\/\/www.elcapital.pe\/index.php?rest_route=\/wp\/v2\/posts\/10607\/revisions\/10609"}],"wp:featuredmedia":[{"embeddable":true,"href":"http:\/\/www.elcapital.pe\/index.php?rest_route=\/wp\/v2\/media\/10608"}],"wp:attachment":[{"href":"http:\/\/www.elcapital.pe\/index.php?rest_route=%2Fwp%2Fv2%2Fmedia&parent=10607"}],"wp:term":[{"taxonomy":"category","embeddable":true,"href":"http:\/\/www.elcapital.pe\/index.php?rest_route=%2Fwp%2Fv2%2Fcategories&post=10607"},{"taxonomy":"post_tag","embeddable":true,"href":"http:\/\/www.elcapital.pe\/index.php?rest_route=%2Fwp%2Fv2%2Ftags&post=10607"}],"curies":[{"name":"wp","href":"https:\/\/api.w.org\/{rel}","templated":true}]}}