{"id":10592,"date":"2025-11-06T22:15:30","date_gmt":"2025-11-07T03:15:30","guid":{"rendered":"https:\/\/www.elcapital.pe\/?p=10592"},"modified":"2025-11-06T22:15:30","modified_gmt":"2025-11-07T03:15:30","slug":"muere-kin-yong-nam-exjefe-de-estado-simbolico-de-corea-del-norte","status":"publish","type":"post","link":"http:\/\/www.elcapital.pe\/?p=10592","title":{"rendered":"MUERE KIN YONG NAM, EXJEFE DE ESTADO SIMBOLICO DE COREA DEL NORTE\u00a0"},"content":{"rendered":"\n<p>Kim Yong Nam, exjefe de Estado nominal de Corea del Norte y uno de los diplom\u00e1ticos m\u00e1s veteranos del r\u00e9gimen, falleci\u00f3 a los 97 a\u00f1os por un fallo multiorg\u00e1nico, inform\u00f3 la agencia estatal KCNA.<\/p>\n\n\n\n<p>Entre 1998 y 2019, Kim encabez\u00f3 el Pres\u00eddium de la Asamblea Popular Suprema, desempe\u00f1ando el papel de jefe de Estado ceremonial bajo los gobiernos de Kim Jong-il y Kim Jong-un. Su longevidad pol\u00edtica, inusual en un sistema marcado por purgas, se atribuye a su lealtad inquebrantable hacia la dinast\u00eda Kim.<\/p>\n\n\n\n<p>El l\u00edder norcoreano Kim Jong-un acudi\u00f3 personalmente a rendirle homenaje, seg\u00fan im\u00e1genes difundidas por la televisi\u00f3n estatal.<\/p>\n\n\n\n<p>\u201cPese a ocupar un cargo en gran parte simb\u00f3lico, Kim Yong Nam tuvo una notable influencia en la diplomacia norcoreana y fue un enlace clave con la \u00e9lite del servicio exterior\u201d, se\u00f1al\u00f3 Michael Madden, experto del Stimson Center.<\/p>\n\n\n\n<p>En 2018 encabez\u00f3 la delegaci\u00f3n norcoreana en los Juegos Ol\u00edmpicos de Pyeongchang, aunque cedi\u00f3 el protagonismo a Kim Yo Jong, hermana del actual l\u00edder, en un gesto interpretado como se\u00f1al de respeto al poder familiar.<\/p>\n\n\n\n<p>El ministro surcoreano de Unificaci\u00f3n, Chung Dong-young, expres\u00f3 sus condolencias y record\u00f3 que Kim Yong Nam \u201cayud\u00f3 a abrir la puerta al di\u00e1logo intercoreano\u201d.<\/p>\n\n\n\n<p>China tambi\u00e9n lament\u00f3 su fallecimiento, destacando su papel en el fortalecimiento de las relaciones entre Pek\u00edn y Pyongyang.<\/p>\n\n\n\n<p>Con AFP y Reuters.<\/p>\n","protected":false},"excerpt":{"rendered":"<p>Kim Yong Nam, exjefe de Estado nominal de Corea del Norte y uno de los diplom\u00e1ticos m\u00e1s veteranos del r\u00e9gimen, falleci\u00f3 a los 97 a\u00f1os por un fallo multiorg\u00e1nico, inform\u00f3 la agencia estatal KCNA. Entre 1998 y 2019, Kim encabez\u00f3 el Pres\u00eddium de la Asamblea Popular Suprema, desempe\u00f1ando el papel de jefe de Estado ceremonial [&hellip;]<\/p>\n","protected":false},"author":1,"featured_media":10593,"comment_status":"open","ping_status":"open","sticky":false,"template":"","format":"standard","meta":{"footnotes":""},"categories":[2],"tags":[],"class_list":["post-10592","post","type-post","status-publish","format-standard","has-post-thumbnail","hentry","category-actualidad"],"_links":{"self":[{"href":"http:\/\/www.elcapital.pe\/index.php?rest_route=\/wp\/v2\/posts\/10592","targetHints":{"allow":["GET"]}}],"collection":[{"href":"http:\/\/www.elcapital.pe\/index.php?rest_route=\/wp\/v2\/posts"}],"about":[{"href":"http:\/\/www.elcapital.pe\/index.php?rest_route=\/wp\/v2\/types\/post"}],"author":[{"embeddable":true,"href":"http:\/\/www.elcapital.pe\/index.php?rest_route=\/wp\/v2\/users\/1"}],"replies":[{"embeddable":true,"href":"http:\/\/www.elcapital.pe\/index.php?rest_route=%2Fwp%2Fv2%2Fcomments&post=10592"}],"version-history":[{"count":1,"href":"http:\/\/www.elcapital.pe\/index.php?rest_route=\/wp\/v2\/posts\/10592\/revisions"}],"predecessor-version":[{"id":10594,"href":"http:\/\/www.elcapital.pe\/index.php?rest_route=\/wp\/v2\/posts\/10592\/revisions\/10594"}],"wp:featuredmedia":[{"embeddable":true,"href":"http:\/\/www.elcapital.pe\/index.php?rest_route=\/wp\/v2\/media\/10593"}],"wp:attachment":[{"href":"http:\/\/www.elcapital.pe\/index.php?rest_route=%2Fwp%2Fv2%2Fmedia&parent=10592"}],"wp:term":[{"taxonomy":"category","embeddable":true,"href":"http:\/\/www.elcapital.pe\/index.php?rest_route=%2Fwp%2Fv2%2Fcategories&post=10592"},{"taxonomy":"post_tag","embeddable":true,"href":"http:\/\/www.elcapital.pe\/index.php?rest_route=%2Fwp%2Fv2%2Ftags&post=10592"}],"curies":[{"name":"wp","href":"https:\/\/api.w.org\/{rel}","templated":true}]}}