{"id":10560,"date":"2025-11-05T22:24:35","date_gmt":"2025-11-06T03:24:35","guid":{"rendered":"https:\/\/www.elcapital.pe\/?p=10560"},"modified":"2025-11-05T22:24:35","modified_gmt":"2025-11-06T03:24:35","slug":"sheinbaum-denuncia-acoso-y-expone-la-violencia-que-viven-las-mujeres-en-mexico","status":"publish","type":"post","link":"http:\/\/www.elcapital.pe\/?p=10560","title":{"rendered":"SHEINBAUM DENUNCIA ACOSO Y EXPONE LA VIOLENCIA QUE VIVEN LAS MUJERES EN MEXICO\u00a0\u00a0"},"content":{"rendered":"\n<p>La presidenta de M\u00e9xico, Claudia Sheinbaum, fue v\u00edctima de acoso el martes 4 de noviembre en el centro hist\u00f3rico de Ciudad de M\u00e9xico, cuando un hombre la toc\u00f3 sin su consentimiento e intent\u00f3 besarla durante un recorrido p\u00fablico. El sujeto, identificado como Uriel Rivera Mart\u00ednez, fue detenido y remitido a la Fiscal\u00eda de Delitos Sexuales.<\/p>\n\n\n\n<p>Sheinbaum, primera mujer en ocupar la presidencia del pa\u00eds, confirm\u00f3 que present\u00f3 una denuncia y rechaz\u00f3 cualquier trato especial. \u201cSi esto le hacen a la presidenta, \u00bfqu\u00e9 pasar\u00e1 con las j\u00f3venes mujeres de nuestro pa\u00eds?\u201d, expres\u00f3. A\u00f1adi\u00f3 que impulsar\u00e1 una campa\u00f1a nacional por el respeto a las mujeres y una revisi\u00f3n legal para que el acoso sea penado en todos los estados.<\/p>\n\n\n\n<p>El caso reaviv\u00f3 el debate sobre la violencia de g\u00e9nero en M\u00e9xico, donde m\u00e1s del 70 % de las mujeres mayores de 15 a\u00f1os ha sufrido alg\u00fan tipo de violencia, seg\u00fan el Inegi. Solo en 2024 se registraron 821 feminicidios y, hasta septiembre de este a\u00f1o, al menos 501.<\/p>\n\n\n\n<p>ONU Mujeres conden\u00f3 el hecho y subray\u00f3 que \u201cla violencia contra las mujeres no puede normalizarse ni minimizarse\u201d. Activistas calificaron el ataque a la mandataria como un reflejo del acoso que millones de mexicanas enfrentan a diario.<\/p>\n","protected":false},"excerpt":{"rendered":"<p>La presidenta de M\u00e9xico, Claudia Sheinbaum, fue v\u00edctima de acoso el martes 4 de noviembre en el centro hist\u00f3rico de Ciudad de M\u00e9xico, cuando un hombre la toc\u00f3 sin su consentimiento e intent\u00f3 besarla durante un recorrido p\u00fablico. El sujeto, identificado como Uriel Rivera Mart\u00ednez, fue detenido y remitido a la Fiscal\u00eda de Delitos Sexuales. [&hellip;]<\/p>\n","protected":false},"author":1,"featured_media":10561,"comment_status":"open","ping_status":"open","sticky":false,"template":"","format":"standard","meta":{"footnotes":""},"categories":[2],"tags":[],"class_list":["post-10560","post","type-post","status-publish","format-standard","has-post-thumbnail","hentry","category-actualidad"],"_links":{"self":[{"href":"http:\/\/www.elcapital.pe\/index.php?rest_route=\/wp\/v2\/posts\/10560","targetHints":{"allow":["GET"]}}],"collection":[{"href":"http:\/\/www.elcapital.pe\/index.php?rest_route=\/wp\/v2\/posts"}],"about":[{"href":"http:\/\/www.elcapital.pe\/index.php?rest_route=\/wp\/v2\/types\/post"}],"author":[{"embeddable":true,"href":"http:\/\/www.elcapital.pe\/index.php?rest_route=\/wp\/v2\/users\/1"}],"replies":[{"embeddable":true,"href":"http:\/\/www.elcapital.pe\/index.php?rest_route=%2Fwp%2Fv2%2Fcomments&post=10560"}],"version-history":[{"count":1,"href":"http:\/\/www.elcapital.pe\/index.php?rest_route=\/wp\/v2\/posts\/10560\/revisions"}],"predecessor-version":[{"id":10562,"href":"http:\/\/www.elcapital.pe\/index.php?rest_route=\/wp\/v2\/posts\/10560\/revisions\/10562"}],"wp:featuredmedia":[{"embeddable":true,"href":"http:\/\/www.elcapital.pe\/index.php?rest_route=\/wp\/v2\/media\/10561"}],"wp:attachment":[{"href":"http:\/\/www.elcapital.pe\/index.php?rest_route=%2Fwp%2Fv2%2Fmedia&parent=10560"}],"wp:term":[{"taxonomy":"category","embeddable":true,"href":"http:\/\/www.elcapital.pe\/index.php?rest_route=%2Fwp%2Fv2%2Fcategories&post=10560"},{"taxonomy":"post_tag","embeddable":true,"href":"http:\/\/www.elcapital.pe\/index.php?rest_route=%2Fwp%2Fv2%2Ftags&post=10560"}],"curies":[{"name":"wp","href":"https:\/\/api.w.org\/{rel}","templated":true}]}}